


{"id":6232,"date":"2026-03-12T14:31:19","date_gmt":"2026-03-12T13:31:19","guid":{"rendered":"https:\/\/pepr-cloud.fr\/fr\/?p=6232"},"modified":"2026-03-30T13:39:27","modified_gmt":"2026-03-30T11:39:27","slug":"slices-fr-infrastructure-dexperimentation-reseaux-distribues","status":"publish","type":"post","link":"https:\/\/pepr-cloud.fr\/fr\/slices-fr-infrastructure-dexperimentation-reseaux-distribues\/","title":{"rendered":"SLICES-FR : Infrastructure d\u2019exp\u00e9rimentation r\u00e9seaux distribu\u00e9s"},"content":{"rendered":"<h1 class=\"wp-block-heading has-text-color\" style=\"color:#223cb0\"><strong>SLICES-FR : une infrastructure pour exp\u00e9rimenter les r\u00e9seaux et syst\u00e8mes distribu\u00e9s \u00e0 grande \u00e9chelle<\/strong><\/h1>\n\n\n\n<h2 class=\"wp-block-heading has-black-color has-text-color\">Comment exp\u00e9rimenter les technologies Cloud, Edge, IoT, BY5G\/6G \u00e0 grande \u00e9chelle dans des conditions r\u00e9elles ? C\u2019est pr\u00e9cis\u00e9ment l\u2019objectif de SLICES-FR, l\u2019infrastructure fran\u00e7aise d\u00e9di\u00e9e \u00e0 l\u2019exp\u00e9rimentation des r\u00e9seaux et syst\u00e8mes distribu\u00e9s.<\/h2>\n\n\n\n<hr class=\"wp-block-separator has-text-color has-cyan-bluish-gray-color has-css-opacity has-cyan-bluish-gray-background-color has-background aligncenter is-style-wide\"\/>\n\n\n\n<p><em><strong>Lors d\u2019une pr\u00e9sentation technique le 19 janvier dernier, Guillaume Schreiner a pr\u00e9sent\u00e9 l\u2019\u00e9tat d\u2019avancement de SLICES-FR (Scientific Large Scale Infrastructure for Computing\/Communication Experimental Studies \u2013 France). Lanc\u00e9e en 2022 et financ\u00e9e dans le cadre des PEPR Cloud et R\u00e9seaux du Futur, l\u2019infrastructure f\u00e9d\u00e8re une quinzaine d\u2019\u00e9tablissements de l\u2019enseignement sup\u00e9rieur et de la recherche.<\/strong><\/em><\/p>\n\n\n\n<hr class=\"wp-block-separator has-alpha-channel-opacity\"\/>\n\n\n\n<p><strong>D\u00e9ploy\u00e9e sur 12 sites en France, SLICES-FR offre un acc\u00e8s homog\u00e8ne et s\u00e9curis\u00e9 \u00e0 des ressources d\u2019exp\u00e9rimentation permettant de tester :<\/strong><\/p>\n\n\n\n<ul class=\"wp-block-list\">\n<li>des protocoles r\u00e9seaux,<\/li>\n\n\n\n<li>des technologies radio,<\/li>\n\n\n\n<li>des services num\u00e9riques,<\/li>\n\n\n\n<li>ou encore des architectures distribu\u00e9es.<\/li>\n<\/ul>\n\n\n\n<p><strong>Les domaines couverts incluent notamment :<\/strong><\/p>\n\n\n\n<ul class=\"wp-block-list\">\n<li>le Cloud computing,<\/li>\n\n\n\n<li>le calcul haute performance (HPC),<\/li>\n\n\n\n<li>l\u2019Edge computing,<\/li>\n\n\n\n<li>l\u2019IoT,<\/li>\n\n\n\n<li>la radio logicielle (SDR),<\/li>\n\n\n\n<li>et les r\u00e9seaux cellulaires (BY5G\/6G).<\/li>\n<\/ul>\n\n\n\n<hr class=\"wp-block-separator has-alpha-channel-opacity\"\/>\n\n\n\n<p>SLICES-FR s\u2019inscrit \u00e9galement dans une dynamique europ\u00e9enne, puisqu\u2019elle constitue le n\u0153ud fran\u00e7ais de l\u2019infrastructure SLICES-RI, labellis\u00e9e ESFRI, dont l\u2019objectif est de connecter les ressources d\u2019exp\u00e9rimentation \u00e0 l\u2019\u00e9chelle europ\u00e9enne.<\/p>\n\n\n\n<p>L\u2019infrastructure permet aux chercheurs d\u2019acc\u00e9der \u00e0 des ressources mat\u00e9rielles distribu\u00e9es via des configurations <em>bare-metal<\/em>, offrant un contr\u00f4le bas niveau sur les \u00e9quipements exp\u00e9rimentaux.<\/p>\n\n\n\n<hr class=\"wp-block-separator has-alpha-channel-opacity\"\/>\n\n\n\n<p>SLICES-FR s\u2019appuie sur des technologies open source et sur des infrastructures pr\u00e9curseures, permettant l\u2019isolation des environnements de calcul et du stockage, notamment pour le traitement de donn\u00e9es sensibles. La plateforme propose \u00e9galement des outils d\u2019analyse permettant d\u2019\u00e9valuer les performances des exp\u00e9rimentations, y compris la mesure de la consommation \u00e9nerg\u00e9tique des applications num\u00e9riques.<\/p>\n\n\n\n<hr class=\"wp-block-separator has-alpha-channel-opacity\"\/>\n\n\n\n<p><strong>Plusieurs enjeux ont \u00e9t\u00e9 soulev\u00e9s lors de la discussion :<\/strong><\/p>\n\n\n\n<ul class=\"wp-block-list\">\n<li>L\u2019interop\u00e9rabilit\u00e9 avec les infrastructures existantes est un point cl\u00e9. Le comit\u00e9 d\u2019architectes travaille \u00e0 l\u2019ouverture de SLICES-FR afin de permettre l\u2019interconnexion avec d\u2019autres infrastructures nationales et internationales.<\/li>\n\n\n\n<li>Un second d\u00e9fi concerne la souverainet\u00e9 num\u00e9rique et l\u2019usage de solutions open source, afin de limiter la d\u00e9pendance aux clouds commerciaux et favoriser le partage technologique.<\/li>\n\n\n\n<li>Enfin, la simplification de l\u2019acc\u00e8s aux ressources est en cours, avec une future unification des comptes utilisateurs entre les infrastructures nationales et europ\u00e9ennes.<\/li>\n<\/ul>\n\n\n\n<p><strong>Ressources compl\u00e9mentaires :<\/strong><\/p>\n\n\n\n<ul class=\"wp-block-list\">\n<li>Infrastructure europ\u00e9enne <a href=\"\" target=\"_blank\" rel=\"noreferrer noopener\">SLICES-RI<\/a><\/li>\n\n\n\n<li>Programme <a href=\"\" target=\"_blank\" rel=\"noreferrer noopener\">PEPR Cloud et R\u00e9seaux du Futur<\/a><\/li>\n\n\n\n<li><a href=\"\" target=\"_blank\" rel=\"noreferrer noopener\">Documentation SLICES-FR<\/a><\/li>\n<\/ul>\n\n\n\n<figure class=\"wp-block-embed is-type-video is-provider-youtube wp-block-embed-youtube wp-embed-aspect-16-9 wp-has-aspect-ratio\"><div class=\"wp-block-embed__wrapper\">\n<iframe loading=\"lazy\" title=\"[Motion Design] Discover the Super Infrastructure SILECS\" width=\"1060\" height=\"596\" src=\"https:\/\/www.youtube.com\/embed\/uD5OTd0Rzfw?feature=oembed\" frameborder=\"0\" allow=\"accelerometer; autoplay; clipboard-write; encrypted-media; gyroscope; picture-in-picture; web-share\" referrerpolicy=\"strict-origin-when-cross-origin\" allowfullscreen><\/iframe>\n<\/div><\/figure>","protected":false},"excerpt":{"rendered":"<p>SLICES-FR : une infrastructure pour exp\u00e9rimenter les r\u00e9seaux et syst\u00e8mes distribu\u00e9s \u00e0 grande \u00e9chelle Comment exp\u00e9rimenter les technologies Cloud, Edge, IoT, BY5G\/6G \u00e0 grande \u00e9chelle dans des conditions r\u00e9elles ? C\u2019est pr\u00e9cis\u00e9ment l\u2019objectif de SLICES-FR, l\u2019infrastructure fran\u00e7aise d\u00e9di\u00e9e \u00e0 l\u2019exp\u00e9rimentation des r\u00e9seaux et syst\u00e8mes distribu\u00e9s. Lors d\u2019une pr\u00e9sentation technique le\u2026<\/p>\n<p> <a class=\"continue-reading-link\" href=\"https:\/\/pepr-cloud.fr\/fr\/slices-fr-infrastructure-dexperimentation-reseaux-distribues\/\"><span>Continuer la lecture<\/span><i class=\"crycon-right-dir\"><\/i><\/a> <\/p>\n","protected":false},"author":2502,"featured_media":0,"comment_status":"closed","ping_status":"closed","sticky":false,"template":"","format":"standard","meta":{"footnotes":""},"categories":[17],"tags":[],"class_list":["post-6232","post","type-post","status-publish","format-standard","hentry","category-interview"],"_links":{"self":[{"href":"https:\/\/pepr-cloud.fr\/fr\/wp-json\/wp\/v2\/posts\/6232","targetHints":{"allow":["GET"]}}],"collection":[{"href":"https:\/\/pepr-cloud.fr\/fr\/wp-json\/wp\/v2\/posts"}],"about":[{"href":"https:\/\/pepr-cloud.fr\/fr\/wp-json\/wp\/v2\/types\/post"}],"author":[{"embeddable":true,"href":"https:\/\/pepr-cloud.fr\/fr\/wp-json\/wp\/v2\/users\/2502"}],"replies":[{"embeddable":true,"href":"https:\/\/pepr-cloud.fr\/fr\/wp-json\/wp\/v2\/comments?post=6232"}],"version-history":[{"count":11,"href":"https:\/\/pepr-cloud.fr\/fr\/wp-json\/wp\/v2\/posts\/6232\/revisions"}],"predecessor-version":[{"id":6328,"href":"https:\/\/pepr-cloud.fr\/fr\/wp-json\/wp\/v2\/posts\/6232\/revisions\/6328"}],"wp:attachment":[{"href":"https:\/\/pepr-cloud.fr\/fr\/wp-json\/wp\/v2\/media?parent=6232"}],"wp:term":[{"taxonomy":"category","embeddable":true,"href":"https:\/\/pepr-cloud.fr\/fr\/wp-json\/wp\/v2\/categories?post=6232"},{"taxonomy":"post_tag","embeddable":true,"href":"https:\/\/pepr-cloud.fr\/fr\/wp-json\/wp\/v2\/tags?post=6232"}],"curies":[{"name":"wp","href":"https:\/\/api.w.org\/{rel}","templated":true}]}}