


{"id":6226,"date":"2026-03-11T11:31:01","date_gmt":"2026-03-11T10:31:01","guid":{"rendered":"https:\/\/pepr-cloud.fr\/fr\/?p=6226"},"modified":"2026-03-30T10:23:01","modified_gmt":"2026-03-30T08:23:01","slug":"session-slices-fr-aux-trans-numeriques","status":"publish","type":"post","link":"https:\/\/pepr-cloud.fr\/fr\/session-slices-fr-aux-trans-numeriques\/","title":{"rendered":"Session SLICES-FR aux Trans Num\u00e9riques"},"content":{"rendered":"<h1 class=\"wp-block-heading\">Construire SLICES-FR avec et pour ses utilisateurs: une session inter-PEPR fructueuse aux Trans Num\u00e9riques<\/h1>\n\n\n\n<h2 class=\"wp-block-heading\"><strong><em>Le 5 f\u00e9vrier 2026, dans le cadre des Trans Num\u00e9riques \u00e0 Rennes, une session inter-PEPR consacr\u00e9e \u00e0 l\u2019infrastructure SLICES-FR a r\u00e9uni chercheurs, ing\u00e9nieurs, et acteurs du num\u00e9rique autour d\u2019un objectif commun : \u00e9changer sur les besoins d\u2019exp\u00e9rimentation pour les infrastructures num\u00e9riques du futur et contribuer \u00e0 la construction d\u2019une plateforme au plus pr\u00e8s des usages des communaut\u00e9s de recherche.<\/em><\/strong><\/h2>\n\n\n\n<hr class=\"wp-block-separator has-css-opacity is-style-wide\"\/>\n\n\n\n<div class=\"wp-block-columns is-layout-flex wp-container-core-columns-is-layout-9d6595d7 wp-block-columns-is-layout-flex\">\n<div class=\"wp-block-column is-layout-flow wp-block-column-is-layout-flow\"><div class=\"wp-block-image\">\n<figure class=\"aligncenter size-large\"><img loading=\"lazy\" decoding=\"async\" width=\"1024\" height=\"681\" src=\"https:\/\/pepr-cloud.fr\/files\/2026\/03\/Transnumeriques-737-1024x681.jpg\" alt=\"\" class=\"wp-image-6228\" srcset=\"https:\/\/pepr-cloud.fr\/files\/2026\/03\/Transnumeriques-737-1024x681.jpg 1024w, https:\/\/pepr-cloud.fr\/files\/2026\/03\/Transnumeriques-737-300x200.jpg 300w, https:\/\/pepr-cloud.fr\/files\/2026\/03\/Transnumeriques-737-768x511.jpg 768w, https:\/\/pepr-cloud.fr\/files\/2026\/03\/Transnumeriques-737-150x100.jpg 150w, https:\/\/pepr-cloud.fr\/files\/2026\/03\/Transnumeriques-737-1320x878.jpg 1320w, https:\/\/pepr-cloud.fr\/files\/2026\/03\/Transnumeriques-737.jpg 1500w\" sizes=\"auto, (max-width: 1024px) 100vw, 1024px\" \/><\/figure><\/div><\/div>\n<\/div>\n\n\n\n<hr class=\"wp-block-separator has-css-opacity is-style-wide\"\/>\n\n\n\n<p>Organis\u00e9e au Couvent des Jacobins, cette session intitul\u00e9e \u00ab Exp\u00e9rimenter avec SLICES dans le continuum IoT-Edge-Cloud \u00bb a rassembl\u00e9 une quarantaine de participants. Elle a permis de pr\u00e9senter les objectifs de SLICES-FR, le n\u0153ud fran\u00e7ais de l\u2019infrastructure europ\u00e9enne SLICES-RI, d\u00e9di\u00e9e \u00e0 l\u2019exp\u00e9rimentation \u00e0 grande \u00e9chelle sur le continuum num\u00e9rique allant des objets connect\u00e9s jusqu\u2019au cloud.<\/p>\n\n\n\n<p>La session, anim\u00e9e par <strong>Nathalie Mitton<\/strong> et <strong>Christian Perez<\/strong>, a \u00e9galement donn\u00e9 la parole \u00e0 plusieurs repr\u00e9sentants de programmes de recherche nationaux. Les interventions de <strong>Claire Rogel-Gaillard<\/strong> et <strong>Jacques Sainte-Marie<\/strong> pour le PEPR Agro\u00e9cologie et Num\u00e9rique, de <strong>Fran\u00e7ois Tessier<\/strong> et <strong>Olivier Richard<\/strong> pour le PEPR NumPEx, de <strong>Laurent Lef\u00e8vre<\/strong> pour le PEPR NumEco, ainsi que de <strong>Gilles Gesqui\u00e8re<\/strong> pour le PEPR VDBI, ont permis de mettre en perspective les besoins d\u2019exp\u00e9rimentation propres \u00e0 diff\u00e9rentes communaut\u00e9s scientifiques.<\/p>\n\n\n\n<p>Les discussions ont notamment port\u00e9 sur les enjeux continuum, la localisation des traitements et des donn\u00e9es entre objets, edge et cloud, ainsi que sur les outils n\u00e9cessaires pour observer, mesurer et exp\u00e9rimenter ces syst\u00e8mes distribu\u00e9s dans des conditions r\u00e9alistes.<\/p>\n\n\n\n<p>Ces \u00e9changes ont confirm\u00e9 l\u2019importance d\u2019une d\u00e9marche collaborative pour construire SLICES-FR avec et pour ses utilisateurs, afin de r\u00e9pondre au mieux aux besoins scientifiques \u00e9mergents. Les discussions engag\u00e9es lors des Trans<ins> <\/ins>Num\u00e9riques se poursuivent aujourd\u2019hui. Si vous souhaitez suivre les prochaines initiatives autour de SLICES-FR et rejoindre la communaut\u00e9, vous pouvez vous inscrire via <a href=\"https:\/\/sondages.inria.fr\/index.php\/294258?lang=fr\">ce formulaire<\/a> afin de rester inform\u00e9 des futurs \u00e9v\u00e9nements et opportunit\u00e9s de collaboration.<\/p>\n\n\n\n<div style=\"height:15px\" aria-hidden=\"true\" class=\"wp-block-spacer\"><\/div>\n\n\n\n<hr class=\"wp-block-separator has-css-opacity is-style-wide\"\/>\n\n\n\n<p><em><strong>Pour en savoir plus :<\/strong> <\/em><\/p>\n\n\n\n<p><a href=\"http:\/\/www.linkedin.com\/showcase\/slices-fr\">www.linkedin.com\/showcase\/slices-fr<\/a><\/p>\n\n\n\n<p><a href=\"http:\/\/www.slices-fr.eu\/\">www.slices-fr.eu<\/a><\/p>\n\n\n\n<p><\/p>","protected":false},"excerpt":{"rendered":"<p>Construire SLICES-FR avec et pour ses utilisateurs: une session inter-PEPR fructueuse aux Trans Num\u00e9riques Le 5 f\u00e9vrier 2026, dans le cadre des Trans Num\u00e9riques \u00e0 Rennes, une session inter-PEPR consacr\u00e9e \u00e0 l\u2019infrastructure SLICES-FR a r\u00e9uni chercheurs, ing\u00e9nieurs, et acteurs du num\u00e9rique autour d\u2019un objectif commun : \u00e9changer sur les besoins\u2026<\/p>\n<p> <a class=\"continue-reading-link\" href=\"https:\/\/pepr-cloud.fr\/fr\/session-slices-fr-aux-trans-numeriques\/\"><span>Continuer la lecture<\/span><i class=\"crycon-right-dir\"><\/i><\/a> <\/p>\n","protected":false},"author":2502,"featured_media":0,"comment_status":"closed","ping_status":"closed","sticky":false,"template":"","format":"standard","meta":{"footnotes":""},"categories":[17],"tags":[],"class_list":["post-6226","post","type-post","status-publish","format-standard","hentry","category-interview"],"_links":{"self":[{"href":"https:\/\/pepr-cloud.fr\/fr\/wp-json\/wp\/v2\/posts\/6226","targetHints":{"allow":["GET"]}}],"collection":[{"href":"https:\/\/pepr-cloud.fr\/fr\/wp-json\/wp\/v2\/posts"}],"about":[{"href":"https:\/\/pepr-cloud.fr\/fr\/wp-json\/wp\/v2\/types\/post"}],"author":[{"embeddable":true,"href":"https:\/\/pepr-cloud.fr\/fr\/wp-json\/wp\/v2\/users\/2502"}],"replies":[{"embeddable":true,"href":"https:\/\/pepr-cloud.fr\/fr\/wp-json\/wp\/v2\/comments?post=6226"}],"version-history":[{"count":6,"href":"https:\/\/pepr-cloud.fr\/fr\/wp-json\/wp\/v2\/posts\/6226\/revisions"}],"predecessor-version":[{"id":6310,"href":"https:\/\/pepr-cloud.fr\/fr\/wp-json\/wp\/v2\/posts\/6226\/revisions\/6310"}],"wp:attachment":[{"href":"https:\/\/pepr-cloud.fr\/fr\/wp-json\/wp\/v2\/media?parent=6226"}],"wp:term":[{"taxonomy":"category","embeddable":true,"href":"https:\/\/pepr-cloud.fr\/fr\/wp-json\/wp\/v2\/categories?post=6226"},{"taxonomy":"post_tag","embeddable":true,"href":"https:\/\/pepr-cloud.fr\/fr\/wp-json\/wp\/v2\/tags?post=6226"}],"curies":[{"name":"wp","href":"https:\/\/api.w.org\/{rel}","templated":true}]}}