


{"id":6214,"date":"2026-03-05T13:27:57","date_gmt":"2026-03-05T12:27:57","guid":{"rendered":"https:\/\/pepr-cloud.fr\/fr\/?p=6214"},"modified":"2026-03-30T13:52:37","modified_gmt":"2026-03-30T11:52:37","slug":"inscriptions-a-lecole-slices-fr-2026-a-nantes","status":"publish","type":"post","link":"https:\/\/pepr-cloud.fr\/fr\/inscriptions-a-lecole-slices-fr-2026-a-nantes\/","title":{"rendered":"\u00c9cole SLICES-FR 2026 \u00e0 Nantes"},"content":{"rendered":"<div class=\"wp-block-cover is-light animate__animated animate__fadeInDown\" style=\"min-height:500px;aspect-ratio:unset;\"><img loading=\"lazy\" decoding=\"async\" width=\"1700\" height=\"800\" class=\"wp-block-cover__image-background wp-image-4465\" alt=\"\" src=\"https:\/\/pepr-cloud.fr\/files\/2025\/03\/logo_ecole-slicesfr_2025_3.png\" data-object-fit=\"cover\" srcset=\"https:\/\/pepr-cloud.fr\/files\/2025\/03\/logo_ecole-slicesfr_2025_3.png 1700w, https:\/\/pepr-cloud.fr\/files\/2025\/03\/logo_ecole-slicesfr_2025_3-300x141.png 300w, https:\/\/pepr-cloud.fr\/files\/2025\/03\/logo_ecole-slicesfr_2025_3-1024x482.png 1024w, https:\/\/pepr-cloud.fr\/files\/2025\/03\/logo_ecole-slicesfr_2025_3-768x361.png 768w, https:\/\/pepr-cloud.fr\/files\/2025\/03\/logo_ecole-slicesfr_2025_3-1536x723.png 1536w, https:\/\/pepr-cloud.fr\/files\/2025\/03\/logo_ecole-slicesfr_2025_3-150x71.png 150w, https:\/\/pepr-cloud.fr\/files\/2025\/03\/logo_ecole-slicesfr_2025_3-1320x621.png 1320w\" sizes=\"auto, (max-width: 1700px) 100vw, 1700px\" \/><span aria-hidden=\"true\" class=\"wp-block-cover__background has-background-dim-0 has-background-dim\"><\/span><div class=\"wp-block-cover__inner-container is-layout-flow wp-block-cover-is-layout-flow\">\n<p class=\"has-text-align-center has-large-font-size\"><\/p>\n<\/div><\/div>\n\n\n\n<div style=\"height:20px\" aria-hidden=\"true\" class=\"wp-block-spacer\"><\/div>\n\n\n\n<h1 class=\"wp-block-heading has-text-color\" style=\"color:#223cb0\"><strong>Save the Date : 2\u1d49 \u00c9cole SLICES-FR \u2013 6 au 10 juillet<\/strong><\/h1>\n\n\n\n<div style=\"height:20px\" aria-hidden=\"true\" class=\"wp-block-spacer\"><\/div>\n\n\n\n<p class=\"has-black-color has-text-color\"><strong><em>Du 6 au 10 juillet 2026, IMT Atlantique Bretagne-Pays de la Loire (Campus de Nantes) accueillera la 2\u1d49 \u00c9cole SLICES-FR, soutenue financi\u00e8rement par le PEPR Cloud. Cet \u00e9v\u00e9nement gratuit, organis\u00e9 par l\u2019Infrastructure de Recherche SLICES-FR (n\u0153ud fran\u00e7ais de SLICES-RI), r\u00e9unira doctorants, chercheurs et ing\u00e9nieurs pour explorer les avanc\u00e9es en r\u00e9seaux, IoT, edge\/cloud computing et calcul distribu\u00e9.<\/em><\/strong><\/p>\n\n\n\n<hr class=\"wp-block-separator has-text-color has-cyan-bluish-gray-color has-css-opacity has-cyan-bluish-gray-background-color has-background aligncenter is-style-wide\"\/>\n\n\n\n<div class=\"wp-block-columns is-layout-flex wp-container-core-columns-is-layout-9d6595d7 wp-block-columns-is-layout-flex\">\n<div class=\"wp-block-column is-layout-flow wp-block-column-is-layout-flow\">\n<p><strong>L\u2019objectif ? <\/strong><\/p>\n\n\n\n<p>Favoriser l\u2019exp\u00e9rimentation sur l\u2019ensemble du continuum IoT\/r\u00e9seaux\/edge\/cloud, en s\u2019appuyant sur plus de vingt ans d\u2019exp\u00e9rience avec des plateformes comme <strong>Grid\u20195000 et FIT<\/strong>. <\/p>\n\n\n\n<p>Au programme : <strong>pr\u00e9sentations invit\u00e9es, ateliers pratiques et \u00e9changes<\/strong> pour contribuer \u00e0 la d\u00e9finition des besoins et au d\u00e9veloppement de <strong><a href=\"https:\/\/slices-fr.eu\/\">SLICES-FR<\/a><\/strong>.<\/p>\n<\/div>\n\n\n\n<div class=\"wp-block-column is-layout-flow wp-block-column-is-layout-flow\">\n<p class=\"has-black-color has-text-color\"><strong><strong>Informations Pratiques<\/strong><\/strong><\/p>\n\n\n\n<p class=\"has-text-color\" style=\"color:#565b5f;font-size:15px\">\ud83d\udcc5 <strong>Dates<\/strong> : 6 au 10 juillet 2026 <\/p>\n\n\n\n<p class=\"has-text-color\" style=\"color:#565b5f;font-size:15px\">\ud83d\udccd <strong>Lieu<\/strong> : IMT Atlantique, Campus de Nantes <\/p>\n\n\n\n<p class=\"has-text-color\" style=\"color:#565b5f;font-size:15px\">\ud83c\udf10 <strong>Site<\/strong> : <a href=\"https:\/\/slices-fr.eu\/save-the-date-lecole-dete-slices-fr-revient\/\" target=\"_blank\" rel=\"noreferrer noopener\">2\u1d49 \u00c9cole d\u2019\u00e9t\u00e9 SLICES-FR<\/a><\/p>\n\n\n\n<p class=\"has-text-color\" style=\"color:#565b5f;font-size:17px\"><br><strong><strong>R\u00e9servez d\u00e8s maintenant ces dates<\/strong> pour une semaine d\u2019\u00e9changes et d\u2019innovation au c\u0153ur des infrastructures num\u00e9riques !<\/strong><\/p>\n<\/div>\n<\/div>\n\n\n\n<h4 class=\"wp-block-heading has-text-align-center has-text-color has-medium-font-size\" style=\"color:#223cb0\"><strong>Ne manquez pas cette opportunit\u00e9 unique de contribuer \u00e0 l&rsquo;avenir des technologies num\u00e9riques !<\/strong><\/h4>\n\n\n\n<div style=\"height:10px\" aria-hidden=\"true\" class=\"wp-block-spacer\"><\/div>","protected":false},"excerpt":{"rendered":"<p>Save the Date : 2\u1d49 \u00c9cole SLICES-FR \u2013 6 au 10 juillet Du 6 au 10 juillet 2026, IMT Atlantique Bretagne-Pays de la Loire (Campus de Nantes) accueillera la 2\u1d49 \u00c9cole SLICES-FR, soutenue financi\u00e8rement par le PEPR Cloud. Cet \u00e9v\u00e9nement gratuit, organis\u00e9 par l\u2019Infrastructure de Recherche SLICES-FR (n\u0153ud fran\u00e7ais de\u2026<\/p>\n<p> <a class=\"continue-reading-link\" href=\"https:\/\/pepr-cloud.fr\/fr\/inscriptions-a-lecole-slices-fr-2026-a-nantes\/\"><span>Continuer la lecture<\/span><i class=\"crycon-right-dir\"><\/i><\/a> <\/p>\n","protected":false},"author":2502,"featured_media":0,"comment_status":"closed","ping_status":"closed","sticky":false,"template":"","format":"standard","meta":{"footnotes":""},"categories":[18],"tags":[],"class_list":["post-6214","post","type-post","status-publish","format-standard","hentry","category-evenement"],"_links":{"self":[{"href":"https:\/\/pepr-cloud.fr\/fr\/wp-json\/wp\/v2\/posts\/6214","targetHints":{"allow":["GET"]}}],"collection":[{"href":"https:\/\/pepr-cloud.fr\/fr\/wp-json\/wp\/v2\/posts"}],"about":[{"href":"https:\/\/pepr-cloud.fr\/fr\/wp-json\/wp\/v2\/types\/post"}],"author":[{"embeddable":true,"href":"https:\/\/pepr-cloud.fr\/fr\/wp-json\/wp\/v2\/users\/2502"}],"replies":[{"embeddable":true,"href":"https:\/\/pepr-cloud.fr\/fr\/wp-json\/wp\/v2\/comments?post=6214"}],"version-history":[{"count":8,"href":"https:\/\/pepr-cloud.fr\/fr\/wp-json\/wp\/v2\/posts\/6214\/revisions"}],"predecessor-version":[{"id":6349,"href":"https:\/\/pepr-cloud.fr\/fr\/wp-json\/wp\/v2\/posts\/6214\/revisions\/6349"}],"wp:attachment":[{"href":"https:\/\/pepr-cloud.fr\/fr\/wp-json\/wp\/v2\/media?parent=6214"}],"wp:term":[{"taxonomy":"category","embeddable":true,"href":"https:\/\/pepr-cloud.fr\/fr\/wp-json\/wp\/v2\/categories?post=6214"},{"taxonomy":"post_tag","embeddable":true,"href":"https:\/\/pepr-cloud.fr\/fr\/wp-json\/wp\/v2\/tags?post=6214"}],"curies":[{"name":"wp","href":"https:\/\/api.w.org\/{rel}","templated":true}]}}