


{"id":4944,"date":"2025-09-18T11:21:26","date_gmt":"2025-09-18T09:21:26","guid":{"rendered":"https:\/\/pepr-cloud.fr\/fr\/?p=4944"},"modified":"2025-12-17T15:34:14","modified_gmt":"2025-12-17T14:34:14","slug":"trustinclouds-interview-de-antoine-choffrut","status":"publish","type":"post","link":"https:\/\/pepr-cloud.fr\/fr\/trustinclouds-interview-de-antoine-choffrut\/","title":{"rendered":"TRUSTINCloudS &#8211; Interview de Antoine Choffrut"},"content":{"rendered":"<div class=\"wp-block-columns is-layout-flex wp-container-core-columns-is-layout-9d6595d7 wp-block-columns-is-layout-flex\">\n<div class=\"wp-block-column is-layout-flow wp-block-column-is-layout-flow\">\n<h1 class=\"wp-block-heading has-text-color has-link-color has-large-font-size wp-elements-8956554aea3c6744ed6923c312edfe55\" style=\"color:#203754\"><strong>Antoine Choffrut : \u00ab\u00a0Des math\u00e9matiques \u00e0 la cybers\u00e9curit\u00e9, un parcours international au service d\u2019un cloud s\u00e9curis\u00e9 et souverain\u00a0\u00bb<\/strong><\/h1>\n\n\n\n<div style=\"height:40px\" aria-hidden=\"true\" class=\"wp-block-spacer\"><\/div>\n\n\n\n<div class=\"wp-block-columns has-background is-layout-flex wp-container-core-columns-is-layout-9d6595d7 wp-block-columns-is-layout-flex\" style=\"background:linear-gradient(90deg,rgb(32,55,84) 0%,rgb(103,146,197) 98%)\">\n<div class=\"wp-block-column is-vertically-aligned-center is-layout-flow wp-block-column-is-layout-flow\" style=\"flex-basis:33.33%\">\n<div style=\"height:25px\" aria-hidden=\"true\" class=\"wp-block-spacer\"><\/div>\n\n\n<div class=\"wp-block-image is-style-default\">\n<figure class=\"aligncenter size-medium\"><img loading=\"lazy\" decoding=\"async\" width=\"234\" height=\"300\" src=\"https:\/\/pepr-cloud.fr\/files\/2025\/11\/Antoine-Choffrut-photo-ITW-PEPR-Cloud-234x300.jpg\" alt=\"\" class=\"wp-image-5770\" srcset=\"https:\/\/pepr-cloud.fr\/files\/2025\/11\/Antoine-Choffrut-photo-ITW-PEPR-Cloud-234x300.jpg 234w, https:\/\/pepr-cloud.fr\/files\/2025\/11\/Antoine-Choffrut-photo-ITW-PEPR-Cloud-798x1024.jpg 798w, https:\/\/pepr-cloud.fr\/files\/2025\/11\/Antoine-Choffrut-photo-ITW-PEPR-Cloud-768x986.jpg 768w, https:\/\/pepr-cloud.fr\/files\/2025\/11\/Antoine-Choffrut-photo-ITW-PEPR-Cloud-1196x1536.jpg 1196w, https:\/\/pepr-cloud.fr\/files\/2025\/11\/Antoine-Choffrut-photo-ITW-PEPR-Cloud-117x150.jpg 117w, https:\/\/pepr-cloud.fr\/files\/2025\/11\/Antoine-Choffrut-photo-ITW-PEPR-Cloud-1320x1695.jpg 1320w, https:\/\/pepr-cloud.fr\/files\/2025\/11\/Antoine-Choffrut-photo-ITW-PEPR-Cloud.jpg 1595w\" sizes=\"auto, (max-width: 234px) 100vw, 234px\" \/><\/figure><\/div>\n\n\n<div style=\"height:25px\" aria-hidden=\"true\" class=\"wp-block-spacer\"><\/div>\n<\/div>\n\n\n\n<div class=\"wp-block-column is-layout-flow wp-block-column-is-layout-flow\" style=\"flex-basis:66.66%\">\n<div style=\"height:30px\" aria-hidden=\"true\" class=\"wp-block-spacer\"><\/div>\n\n\n\n<h2 class=\"wp-block-heading has-white-color has-text-color\"><strong><strong><strong>Antoine Choffrut, ing\u00e9nieur-chercheur au CEA LIST et copilote, avec Aymen Boudguiga, du projet <strong>TRUSTINCloudS<\/strong>, incarne une approche unique de la cybers\u00e9curit\u00e9 : celle d\u2019un math\u00e9maticien passionn\u00e9, devenu expert en chiffrement homomorphe et du cloud s\u00e9curis\u00e9. Son parcours, marqu\u00e9 par plus de vingt ans d\u2019exp\u00e9rience internationale et une r\u00e9orientation des math\u00e9matiques pures vers la cryptographie, illustre une conviction forte : <strong>la rigueur scientifique et l\u2019interrogation permanente sont les cl\u00e9s pour relever les d\u00e9fis pos\u00e9s par le cloud<\/strong>. Dans cette interview, il partage sa vision d\u2019un cloud plus s\u00fbr et plus souverain<\/strong><\/strong>.<\/strong><\/h2>\n\n\n\n<div style=\"height:40px\" aria-hidden=\"true\" class=\"wp-block-spacer\"><\/div>\n<\/div>\n<\/div>\n<\/div>\n<\/div>\n\n\n\n<div style=\"height:40px\" aria-hidden=\"true\" class=\"wp-block-spacer\"><\/div>\n\n\n\n<div class=\"wp-block-columns is-layout-flex wp-container-core-columns-is-layout-9d6595d7 wp-block-columns-is-layout-flex\">\n<div class=\"wp-block-column is-layout-flow wp-block-column-is-layout-flow\">\n<div class=\"wp-block-group\"><div class=\"wp-block-group__inner-container is-layout-flow wp-block-group-is-layout-flow\">\n<p class=\"has-black-color has-text-color has-link-color wp-elements-fa25087497fbf6a4a1d7387d1ba6911c\" style=\"font-size:15px\"><strong><strong><em><strong>PC : <\/strong><\/em><\/strong><\/strong><strong><em>Votre parcours est marqu\u00e9 par une passion pour les math\u00e9matiques et une longue exp\u00e9rience internationale. Comment ces \u00e9l\u00e9ments ont-ils fa\u00e7onn\u00e9 votre approche de la cybers\u00e9curit\u00e9 ?<\/em><\/strong><\/p>\n\n\n\n<p class=\"has-text-color has-small-font-size\" style=\"color:#5a5c5e\"><strong>AC : Mon parcours est effectivement un m\u00e9lange d\u2019ing\u00e9nierie, de math\u00e9matiques pures et d\u2019exp\u00e9riences internationales. Tout a commenc\u00e9 \u00e0 Sup\u00e9lec, sur le campus de Rennes, o\u00f9 je me suis sp\u00e9cialis\u00e9 en traitement du signal. Mais c\u2019est aux \u00c9tats-Unis, dans le cadre d\u2019un PhD en math\u00e9matiques portant sur les \u00e9quations aux d\u00e9riv\u00e9es partielles, que j\u2019ai \u00e9t\u00e9 fortement impr\u00e9gn\u00e9 par l\u2019attention \u00e0 la clart\u00e9 et \u00e0 la rigueur, indispensables<em> dans <\/em>cette disciplineet que j\u2019y ai forg\u00e9 ma capacit\u00e9 \u00e0 mod\u00e9liser des probl\u00e8mes complexes.<\/strong><\/p>\n\n\n\n<p class=\"has-text-color has-small-font-size\" style=\"color:#5a5c5e\"><strong>Apr\u00e8s ma th\u00e8se, j\u2019ai encha\u00een\u00e9 des post-doctorats en Allemagne (Bonn, Leipzig) et au Royaume-Uni (\u00c9dimbourg, Warwick). Ces exp\u00e9riences m\u2019ont appris \u00e0 changer de perspective et \u00e0 m\u2019adapter \u00e0 des environnements scientifiques divers. Mais c\u2019est vers 2018, en explorant les statistiques, puis l\u2019apprentissage machine, que j\u2019ai d\u00e9couvert la cybers\u00e9curit\u00e9, presque par hasard, via le podcast \u00ab&nbsp;Security Now&nbsp;!&nbsp;\u00bb \u00c0 l\u2019\u00e9poque, l\u2019importance du cloud et l\u2019enjeu qu\u2019il repr\u00e9sente devenaient vraiment plus visibles aux yeux du grand public, dont je faisais partie alors. Les vuln\u00e9rabilit\u00e9s li\u00e9es \u00e0 la s\u00e9curit\u00e9 m\u2019ont imm\u00e9diatement int\u00e9ress\u00e9.<\/strong><\/p>\n\n\n\n<p class=\"has-black-color has-text-color has-link-color wp-elements-830836c2d59664ccd430e015eee6572c\" style=\"font-size:15px\"><strong><em>PC : Pourquoi avoir choisi de vous sp\u00e9cialiser dans le chiffrement homomorphe et le cloud ?<\/em><\/strong><\/p>\n\n\n\n<p class=\"has-text-color has-small-font-size\" style=\"color:#5a5c5e\"><strong>AC : Le chiffrement homomorphe est une technologie fascinante : il permet d\u2019effectuer des calculs sur des donn\u00e9es chiffr\u00e9es, sans jamais devoir les d\u00e9chiffrer. Pour un math\u00e9maticien, c\u2019est un terrain de jeu id\u00e9al, car il repose sur des th\u00e9ories tr\u00e8s \u00e9l\u00e9gantes et offrant un outillage particuli\u00e8rement adapt\u00e9 au domaine. Au CEA, j\u2019ai rejoint une \u00e9quipe qui travaille sur cette technologie, car elle offre une solution concr\u00e8te \u00e0 un d\u00e9fi majeur : comment externaliser des donn\u00e9es sensibles dans le cloud, sans compromettre leur confidentialit\u00e9 ?<\/strong><\/p>\n\n\n\n<p class=\"has-text-color has-small-font-size\" style=\"color:#5a5c5e\"><strong>Par exemple, imaginez que plusieurs h\u00f4pitaux veulent collaborer pour am\u00e9liorer un mod\u00e8le de diagnostic m\u00e9dical. Gr\u00e2ce au chiffrement homomorphe, ils peuvent agr\u00e9ger leurs donn\u00e9es de mani\u00e8re s\u00e9curis\u00e9e, sans jamais les exposer. Le cloud est l\u2019environnement naturel pour d\u00e9ployer ces solutions, car il permet de f\u00e9d\u00e9rer des ressources et des comp\u00e9tences \u00e0 grande \u00e9chelle.<\/strong><\/p>\n\n\n\n<ul class=\"wp-block-list\">\n<li class=\"has-text-color has-link-color wp-elements-d1feebc49a59a92546b57a71481f0a4e\" style=\"color:#203754\"><strong>TRUSTINCloudS : Orchestrer les efforts pour un cloud plus s\u00fbr et souverain<\/strong><\/li>\n<\/ul>\n\n\n\n<p class=\"has-black-color has-text-color\" style=\"font-size:15px\"><strong>PC : En tant que copilote de TRUSTINCloudS, quel est votre r\u00f4le et quelles sont vos m\u00e9thodes pour atteindre les objectifs du projet ?<\/strong><\/p>\n\n\n\n<p class=\"has-text-color has-small-font-size\" style=\"color:#5a5c5e\"><strong>AC : Mon r\u00f4le est avant tout d\u2019ordre humain et strat\u00e9gique. Je ne suis pas un expert technique du cloud, mais mon exp\u00e9rience en gestion de projet et en animation scientifique me permet de poser les bonnes questions : sommes-nous align\u00e9s avec les objectifs ? Avons-nous bien identifi\u00e9 les d\u00e9fis ? Mon but est de f\u00e9d\u00e9rer les efforts, de clarifier les enjeux et de m\u2019assurer que chaque partenaire avance dans la bonne direction.<\/strong><\/p>\n\n\n\n<p class=\"has-text-color has-small-font-size\" style=\"color:#5a5c5e\"><strong>Ma m\u00e9thodologie repose sur une approche que j\u2019ai d\u00e9velopp\u00e9e en math\u00e9matiques : interroger pour comprendre, clarifier et r\u00e9duire les incertitudes. Je pose des questions, parfois na\u00efves, pour inciter les \u00e9quipes \u00e0 prendre du recul et r\u00e9fl\u00e9chir aux interactions entre leurs travaux. L\u2019id\u00e9e n\u2019est pas de diriger, mais de faciliter la communication et de s\u2019assurer que chacun voit comment son travail s\u2019inscrit dans la globalit\u00e9 du projet.<\/strong><\/p>\n\n\n\n<p class=\"has-black-color has-text-color\" style=\"font-size:15px\"><strong><strong><strong><strong><strong><em><strong><strong>PC : Quels sont les principaux d\u00e9fis que vous avez identifi\u00e9s dans le cadre de TRUSTINCloudS ?<\/strong><\/strong><\/em><\/strong><\/strong><\/strong><\/strong><\/strong> <\/p>\n\n\n\n<p class=\"has-text-color has-small-font-size\" style=\"color:#5a5c5e\"><strong>AC :<\/strong> <strong>L\u2019adoption des nouvelles technologies : Le cloud est un \u00e9cosyst\u00e8me complexe, dont les infrastructures sont souvent obsol\u00e8tes. Il faut convaincre les utilisateurs et les d\u00e9veloppeurs de changer leurs habitudes, ce qui n\u2019est pas simple d\u2019autant que tout changement implique un co\u00fbt, en ressources et en temps. <\/strong><\/p>\n\n\n\n<p class=\"has-text-color has-small-font-size\" style=\"color:#5a5c5e\"><strong>L\u2019h\u00e9t\u00e9rog\u00e9n\u00e9it\u00e9 des syst\u00e8mes : Le cloud est un puzzle de plateformes, de frameworks et de logiciels. Il ne s\u2019agit pas de tout reconstruire, mais de faire \u00e9voluer l\u2019existant, par exemple pour int\u00e9grer la conformit\u00e9 d\u00e8s la conception (compliance by design) ainsi que la s\u00e9curit\u00e9 d\u00e8s la conception (security by design).<\/strong><\/p>\n\n\n\n<p class=\"has-text-color has-small-font-size\" style=\"color:#5a5c5e\"><strong>Le facteur humain : La s\u00e9curit\u00e9 ne d\u00e9pend pas seulement de la technologie, mais aussi des pratiques et de la formation des \u00e9quipes.  <\/strong><\/p>\n\n\n\n<p class=\"has-black-color has-text-color\" style=\"font-size:15px\"><strong><em>PC : Comment envisagez-vous la collaboration avec les membres du projet ?<\/em><\/strong><\/p>\n\n\n\n<p class=\"has-text-color has-small-font-size\" style=\"color:#5a5c5e\"><strong>AC : Je m\u2019inspire de mon exp\u00e9rience en math\u00e9matiques, o\u00f9 la pr\u00e9cision et la d\u00e9finition des objectifs sont essentielles. Mon r\u00f4le est de soulever les bonnes probl\u00e9matiques, de clarifier les objectifs et de m\u2019assurer que chacun avance dans la bonne direction. Par exemple, je peux guider les \u00e9quipes \u00e0 voir comment leurs travaux s\u2019articulent avec ceux des autres.&nbsp; En posant des questions simples, je peux les aider \u00e0 identifier les synergies et \u00e0 mieux comprendre l\u2019impact de leur travail sur le projet global.<\/strong><\/p>\n\n\n\n<ul class=\"wp-block-list\">\n<li class=\"has-text-color has-link-color wp-elements-228480c5586ee4256f242215a27459b1\" style=\"color:#203754\"><strong>La souverainet\u00e9 europ\u00e9enne : un enjeu crucial pour l\u2019avenir du cloud<\/strong><\/li>\n<\/ul>\n\n\n\n<p class=\"has-black-color has-text-color\" style=\"font-size:15px\"><strong><em>PC : Pourquoi la souverainet\u00e9 europ\u00e9enne est-elle si importante pour vous ?<\/em><\/strong><\/p>\n\n\n\n<p class=\"has-text-color has-small-font-size\" style=\"color:#5a5c5e\"><strong>AC : La souverainet\u00e9 num\u00e9rique est un enjeu vital. Aujourd\u2019hui, le cloud est largement domin\u00e9 par des acteurs extra-europ\u00e9ens. Pour rester pertinents, nous devons consolider nos forces au niveau fran\u00e7ais et europ\u00e9en. TRUSTINCloudS est une \u00e9tape cl\u00e9 : il s\u2019agit de montrer que l\u2019Europe peut innover, tirer la locomotive et imposer ses standards en mati\u00e8re de s\u00e9curit\u00e9.<\/strong><\/p>\n\n\n\n<p class=\"has-text-color has-small-font-size\" style=\"color:#5a5c5e\"><strong>Il ne s\u2019agit pas d\u2019une question de conviction politique, mais d\u2019une r\u00e9alit\u00e9 g\u00e9opolitique<em>.<\/em> Nous avons les comp\u00e9tences, les infrastructures et la volont\u00e9 : il est temps d\u2019agir. L\u2019Europe doit \u00eatre \u00e0 la hauteur du d\u00e9fi de la s\u00e9curit\u00e9 du cloud pour rester pertinente sur la sc\u00e8ne internationale.<\/strong><\/p>\n\n\n\n<p class=\"has-black-color has-text-color\" style=\"font-size:15px\"><strong><strong><strong><strong><strong><strong><strong><strong><em><strong><strong>PC : Comment mesurerez-vous le succ\u00e8s du projet ?<\/strong><\/strong><\/em><\/strong><\/strong><\/strong><\/strong><\/strong><\/strong><\/strong><\/strong><\/p>\n\n\n\n<p class=\"has-text-color has-small-font-size\" style=\"color:#5a5c5e\"><strong><strong><strong><strong>AC :<\/strong> Le succ\u00e8s se mesurera \u00e0 l\u2019<strong>impact<\/strong> de nos travaux : <strong>nos solutions seront-elles adopt\u00e9es dans d\u2019autres projets ?<em> <\/em><\/strong>Parviendrons-nous \u00e0 <strong>f\u00e9d\u00e9rer de nouvelles collaborations<\/strong>, notamment au niveau europ\u00e9en ? <em>Les PEPR (Programmes et \u00c9quipements Prioritaires de Recherche) repr\u00e9sentent une opportunit\u00e9 <\/em><strong>majeure<\/strong><em> pour positionner la France <\/em><strong>comme leader<\/strong><em> en cybers\u00e9curit\u00e9. <\/em>Si nos r\u00e9sultats inspirent des initiatives europ\u00e9ennes, ce sera une victoire collective.<\/strong><\/strong><\/strong><\/p>\n<\/div><\/div>\n<\/div>\n<\/div>\n\n\n\n<hr class=\"wp-block-separator has-css-opacity is-style-wide\"\/>\n\n\n\n<h2 class=\"wp-block-heading has-text-align-center has-text-color\" style=\"color:#203754\">_<strong><strong><em><strong>Vers un cloud plus s\u00fbr, plus souverain et plus humain<\/strong><\/em><\/strong><\/strong>_<\/h2>\n\n\n\n<p class=\"has-text-color has-small-font-size\" style=\"color:#203754\">Antoine Choffrut incarne une vision \u00e0 la fois <strong>ambitieuse et pragmatique<\/strong> de la cybers\u00e9curit\u00e9. Son parcours, entre math\u00e9matiques pures et applications industrielles, illustre l\u2019importance de <strong>croiser les disciplines<\/strong> pour relever les d\u00e9fis du cloud. Avec TRUSTINCloudS, il contribue \u00e0 b\u00e2tir une <strong>infrastructure cloud plus r\u00e9siliente<\/strong>, o\u00f9 la s\u00e9curit\u00e9 et la souverainet\u00e9 ne sont pas des options, mais des fondements.<\/p>\n\n\n\n<p class=\"has-text-color has-small-font-size\" style=\"color:#203754\">Pour lui, l\u2019enjeu est clair : <strong>\u00ab\u00a0L\u2019Europe doit montrer qu\u2019elle a la capacit\u00e9 de tirer son \u00e9pingle du jeu face aux g\u00e9ants du num\u00e9rique.\u00a0\u00bb<\/strong> Et c\u2019est en <strong>interrogeant, en collaborant et en innovant<\/strong> que nous y parviendrons.<\/p>\n\n\n\n<hr class=\"wp-block-separator has-css-opacity is-style-wide\"\/>\n\n\n\n<p style=\"font-size:15px\"><strong><strong><strong>En savoir plus sur le projet <\/strong><\/strong><\/strong><a href=\"https:\/\/trustinclouds.ovh\/\">TRUSTINCloudS<\/a><strong><strong><strong> et les autres initiatives du <a href=\"https:\/\/pepr-cloud.fr\/fr\/\">PEPR Cloud<\/a><\/strong><\/strong><\/strong><a href=\"https:\/\/slices-fr.eu\/\"><strong>.<\/strong><\/a><\/p>\n\n\n\n<p><\/p>","protected":false},"excerpt":{"rendered":"<p>Antoine Choffrut : \u00ab\u00a0Des math\u00e9matiques \u00e0 la cybers\u00e9curit\u00e9, un parcours international au service d\u2019un cloud s\u00e9curis\u00e9 et souverain\u00a0\u00bb Antoine Choffrut, ing\u00e9nieur-chercheur au CEA LIST et copilote, avec Aymen Boudguiga, du projet TRUSTINCloudS, incarne une approche unique de la cybers\u00e9curit\u00e9 : celle d\u2019un math\u00e9maticien passionn\u00e9, devenu expert en chiffrement homomorphe et\u2026<\/p>\n<p> <a class=\"continue-reading-link\" href=\"https:\/\/pepr-cloud.fr\/fr\/trustinclouds-interview-de-antoine-choffrut\/\"><span>Continuer la lecture<\/span><i class=\"crycon-right-dir\"><\/i><\/a> <\/p>\n","protected":false},"author":2502,"featured_media":0,"comment_status":"closed","ping_status":"closed","sticky":false,"template":"","format":"standard","meta":{"footnotes":""},"categories":[21],"tags":[],"class_list":["post-4944","post","type-post","status-publish","format-standard","hentry","category-interviews"],"_links":{"self":[{"href":"https:\/\/pepr-cloud.fr\/fr\/wp-json\/wp\/v2\/posts\/4944","targetHints":{"allow":["GET"]}}],"collection":[{"href":"https:\/\/pepr-cloud.fr\/fr\/wp-json\/wp\/v2\/posts"}],"about":[{"href":"https:\/\/pepr-cloud.fr\/fr\/wp-json\/wp\/v2\/types\/post"}],"author":[{"embeddable":true,"href":"https:\/\/pepr-cloud.fr\/fr\/wp-json\/wp\/v2\/users\/2502"}],"replies":[{"embeddable":true,"href":"https:\/\/pepr-cloud.fr\/fr\/wp-json\/wp\/v2\/comments?post=4944"}],"version-history":[{"count":11,"href":"https:\/\/pepr-cloud.fr\/fr\/wp-json\/wp\/v2\/posts\/4944\/revisions"}],"predecessor-version":[{"id":6091,"href":"https:\/\/pepr-cloud.fr\/fr\/wp-json\/wp\/v2\/posts\/4944\/revisions\/6091"}],"wp:attachment":[{"href":"https:\/\/pepr-cloud.fr\/fr\/wp-json\/wp\/v2\/media?parent=4944"}],"wp:term":[{"taxonomy":"category","embeddable":true,"href":"https:\/\/pepr-cloud.fr\/fr\/wp-json\/wp\/v2\/categories?post=4944"},{"taxonomy":"post_tag","embeddable":true,"href":"https:\/\/pepr-cloud.fr\/fr\/wp-json\/wp\/v2\/tags?post=4944"}],"curies":[{"name":"wp","href":"https:\/\/api.w.org\/{rel}","templated":true}]}}