


{"id":4812,"date":"2025-06-06T15:34:08","date_gmt":"2025-06-06T13:34:08","guid":{"rendered":"https:\/\/pepr-cloud.fr\/fr\/?p=4812"},"modified":"2026-03-11T11:36:51","modified_gmt":"2026-03-11T10:36:51","slug":"25e-symposium-international-ccgrid","status":"publish","type":"post","link":"https:\/\/pepr-cloud.fr\/fr\/25e-symposium-international-ccgrid\/","title":{"rendered":"25e Symposium International &#8211; CCGrid"},"content":{"rendered":"<div style=\"height:10px\" aria-hidden=\"true\" class=\"wp-block-spacer\"><\/div>\n\n\n\n<div class=\"wp-block-cover is-light\" style=\"min-height:350px;aspect-ratio:unset;\"><span aria-hidden=\"true\" class=\"has-background-dim-10 wp-block-cover__gradient-background has-background-dim\"><\/span><img loading=\"lazy\" decoding=\"async\" width=\"1024\" height=\"543\" class=\"wp-block-cover__image-background wp-image-4821\" alt=\"\" src=\"https:\/\/pepr-cloud.fr\/files\/2025\/06\/2025-05-18-17-12-43-1421-1024x543.jpg\" style=\"object-position:51% 66%\" data-object-fit=\"cover\" data-object-position=\"51% 66%\" srcset=\"https:\/\/pepr-cloud.fr\/files\/2025\/06\/2025-05-18-17-12-43-1421-1024x543.jpg 1024w, https:\/\/pepr-cloud.fr\/files\/2025\/06\/2025-05-18-17-12-43-1421-300x159.jpg 300w, https:\/\/pepr-cloud.fr\/files\/2025\/06\/2025-05-18-17-12-43-1421-768x407.jpg 768w, https:\/\/pepr-cloud.fr\/files\/2025\/06\/2025-05-18-17-12-43-1421-1536x815.jpg 1536w, https:\/\/pepr-cloud.fr\/files\/2025\/06\/2025-05-18-17-12-43-1421-2048x1086.jpg 2048w, https:\/\/pepr-cloud.fr\/files\/2025\/06\/2025-05-18-17-12-43-1421-150x80.jpg 150w, https:\/\/pepr-cloud.fr\/files\/2025\/06\/2025-05-18-17-12-43-1421-1320x700.jpg 1320w\" sizes=\"auto, (max-width: 1024px) 100vw, 1024px\" \/><div class=\"wp-block-cover__inner-container is-layout-flow wp-block-cover-is-layout-flow\">\n<p class=\"has-large-font-size\"><\/p>\n<\/div><\/div>\n\n\n\n<h1 class=\"has-text-color wp-block-heading\" style=\"color:#223cb0\"><strong>25e Symposium International IEEE sur le Cluster, le Cloud et le Calcul sur Internet (CCGrid) en Norv\u00e8ge<\/strong><\/h1>\n\n\n\n<div style=\"height:20px\" aria-hidden=\"true\" class=\"wp-block-spacer\"><\/div>\n\n\n\n<p class=\"has-black-color has-text-color\"><strong><em><em>Le 25e Symposium International IEEE sur le Cluster, le Cloud et l&rsquo;Informatique Internet (CCGrid) s&rsquo;est tenu \u00e0 l&rsquo;universit\u00e9 arctique de Norv\u00e8ge (UiT), \u00e0 Troms\u00f8 en Norv\u00e8ge en mai 2025. Parmi les \u00e9v\u00e8nements remarquables associ\u00e9s \u00e0 cette conf\u00e9rence, s\u2019est tenu la premi\u00e8re \u00e9dition de l\u2019atelier internationale ContinuumRI.<\/em><\/em><\/strong><\/p>\n\n\n\n<hr class=\"wp-block-separator aligncenter has-text-color has-background has-cyan-bluish-gray-background-color has-cyan-bluish-gray-color is-style-wide\"\/>\n\n\n\n<p style=\"font-size:25px\">&#8211; <strong>La Conf\u00e9rence CCGrid<\/strong><\/p>\n\n\n\n<p>La conf\u00e9rence CCGrid a eu lieu du mardi 20 au jeudi 22 mai 2025. Elle a rassembl\u00e9 de nombreux participants, dont plusieurs membres du PEPR Cloud qui ont pr\u00e9sent\u00e9 leurs derniers r\u00e9sultats de recherche, notamment :<\/p>\n\n\n\n<ul class=\"wp-block-list\"><li><strong>Pr\u00e9sentation par Alexandru Costan<\/strong> : Un atelier sur les d\u00e9fis de reproductibilit\u00e9 de l&rsquo;apprentissage f\u00e9d\u00e9r\u00e9 (co-auteur du papier&nbsp;: C\u00e9dric Prigent, Kate Keahey, Lo\u00efc Cudennec et Gabriel Antoniu).<\/li><li><strong>Keynote de Christian Perez<\/strong> : Pr\u00e9sentation du projet europ\u00e9en SLICES auquel contribue fortement le projet SILECS du PEPR Cloud.<\/li><\/ul>\n\n\n\n<p>CCGrid 2025 a \u00e9t\u00e9 un \u00e9v\u00e9nement enrichissant pour les \u00e9changes sur les avanc\u00e9es technologiques et les d\u00e9fis actuels dans le domaine du cluster, du cloud et de calcul sur Internet.<\/p>\n\n\n\n<p>Pour plus d&rsquo;informations sur CCGrid, vous pouvez consulter <a href=\"https:\/\/site.uit.no\/ccgrid2025\/\">ce lien<\/a>.<\/p>\n\n\n\n<hr class=\"wp-block-separator is-style-wide\"\/>\n\n\n\n<p style=\"font-size:25px\"><strong>&#8211; Atelier Continnum RI<\/strong><\/p>\n\n\n\n<p>Le lundi 19 mai 2025, la premi\u00e8re \u00e9dition de l\u2019atelier international ContinuumRI sur les infrastructures de recherche pour l&rsquo;exp\u00e9rimentation sur le continuum HPC-Cloud-Edge a eu lieu. Cet atelier a \u00e9t\u00e9 co-organis\u00e9 par Christian Perez (Inria), Gabriel Antoniu (Inria), Alexandru Costan (Insa Rennes) et Kate Keahey (ANL\/U. Chicago). L&rsquo;agenda de l\u2019atelier a inclus des sessions vari\u00e9es, abordant des sujets comme l&rsquo;orchestration de l&rsquo;IoT et les syst\u00e8mes d&rsquo;exploitation r\u00e9seau, mod\u00e9r\u00e9es par les organisateurs.<\/p>\n\n\n\n<p><strong>Agenda de l\u2019atelier\u00a0:<\/strong><\/p>\n\n\n\n<ul class=\"wp-block-list\"><li><strong>Session 1<\/strong> : Accueil par Christian Perez et pr\u00e9sentation invit\u00e9e par Kate Keahey, qui a partag\u00e9 ses insights sur la cr\u00e9ation d&rsquo;instruments scientifiques pour le continuum HPC-Cloud-Edge.<\/li><li><strong>Session 2<\/strong> : Pr\u00e9sentations des papiers s\u00e9lectionn\u00e9s sur l\u2019orchestration IoT, l\u2019exp\u00e9rimentation des syst\u00e8mes d\u2019exploitation pour le r\u00e9seau, et un syst\u00e8me de r\u00e9servation de bout-en-bout.<\/li><li><strong>Session 3<\/strong> : Suite de la pr\u00e9sentation des papiers s\u00e9lectionn\u00e9s sur l\u2019impact de la quantification sur la vitesse d\u2019inf\u00e9rence et sur l\u2019exp\u00e9rimentation IoT-Edge-Cloud-HPC sur les plateformes existantes. La session s&rsquo;est conclue par la pr\u00e9sentation invit\u00e9e de Gabriel Antoniu sur les perspectives du projet international InPEx sur des d\u00e9fis pour construire ce continuum.<\/li><\/ul>\n\n\n\n<p><strong><em>Cet \u00e9v\u00e9nement a \u00e9t\u00e9 l\u2019opportunit\u00e9 de discuter des infrastructures de recherche, de leur conception \u00e0 leur utilisation, en passant par leur impact sur la communaut\u00e9 scientifique internationale.<\/em><\/strong><\/p>\n\n\n\n<p>Pour plus d&rsquo;informations sur le workshop, vous pouvez consulter <a href=\"https:\/\/sites.google.com\/view\/continuumri\/\">ce lien<\/a>.<\/p>","protected":false},"excerpt":{"rendered":"<p>25e Symposium International IEEE sur le Cluster, le Cloud et le Calcul sur Internet (CCGrid) en Norv\u00e8ge Le 25e Symposium International IEEE sur le Cluster, le Cloud et l&rsquo;Informatique Internet (CCGrid) s&rsquo;est tenu \u00e0 l&rsquo;universit\u00e9 arctique de Norv\u00e8ge (UiT), \u00e0 Troms\u00f8 en Norv\u00e8ge en mai 2025. Parmi les \u00e9v\u00e8nements remarquables\u2026<\/p>\n<p> <a class=\"continue-reading-link\" href=\"https:\/\/pepr-cloud.fr\/fr\/25e-symposium-international-ccgrid\/\"><span>Continuer la lecture<\/span><i class=\"crycon-right-dir\"><\/i><\/a> <\/p>\n","protected":false},"author":2468,"featured_media":4821,"comment_status":"closed","ping_status":"closed","sticky":false,"template":"","format":"standard","meta":{"footnotes":""},"categories":[18],"tags":[],"class_list":["post-4812","post","type-post","status-publish","format-standard","has-post-thumbnail","hentry","category-evenement"],"_links":{"self":[{"href":"https:\/\/pepr-cloud.fr\/fr\/wp-json\/wp\/v2\/posts\/4812","targetHints":{"allow":["GET"]}}],"collection":[{"href":"https:\/\/pepr-cloud.fr\/fr\/wp-json\/wp\/v2\/posts"}],"about":[{"href":"https:\/\/pepr-cloud.fr\/fr\/wp-json\/wp\/v2\/types\/post"}],"author":[{"embeddable":true,"href":"https:\/\/pepr-cloud.fr\/fr\/wp-json\/wp\/v2\/users\/2468"}],"replies":[{"embeddable":true,"href":"https:\/\/pepr-cloud.fr\/fr\/wp-json\/wp\/v2\/comments?post=4812"}],"version-history":[{"count":9,"href":"https:\/\/pepr-cloud.fr\/fr\/wp-json\/wp\/v2\/posts\/4812\/revisions"}],"predecessor-version":[{"id":6231,"href":"https:\/\/pepr-cloud.fr\/fr\/wp-json\/wp\/v2\/posts\/4812\/revisions\/6231"}],"wp:featuredmedia":[{"embeddable":true,"href":"https:\/\/pepr-cloud.fr\/fr\/wp-json\/wp\/v2\/media\/4821"}],"wp:attachment":[{"href":"https:\/\/pepr-cloud.fr\/fr\/wp-json\/wp\/v2\/media?parent=4812"}],"wp:term":[{"taxonomy":"category","embeddable":true,"href":"https:\/\/pepr-cloud.fr\/fr\/wp-json\/wp\/v2\/categories?post=4812"},{"taxonomy":"post_tag","embeddable":true,"href":"https:\/\/pepr-cloud.fr\/fr\/wp-json\/wp\/v2\/tags?post=4812"}],"curies":[{"name":"wp","href":"https:\/\/api.w.org\/{rel}","templated":true}]}}