


{"id":4800,"date":"2025-05-28T10:59:21","date_gmt":"2025-05-28T08:59:21","guid":{"rendered":"https:\/\/pepr-cloud.fr\/fr\/?p=4800"},"modified":"2025-06-23T15:20:33","modified_gmt":"2025-06-23T13:20:33","slug":"letat-dans-le-nuage","status":"publish","type":"post","link":"https:\/\/pepr-cloud.fr\/fr\/letat-dans-le-nuage\/","title":{"rendered":"L\u2019\u00c9tat dans le Nuage &#8211; Ev\u00e9nement DINUM"},"content":{"rendered":"<div class=\"wp-block-cover has-custom-content-position is-position-bottom-center animate__animated animate__fadeInDown\" style=\"min-height:400px;aspect-ratio:unset;\"><span aria-hidden=\"true\" class=\"has-background-dim-0 wp-block-cover__gradient-background has-background-dim\"><\/span><img loading=\"lazy\" decoding=\"async\" width=\"450\" height=\"253\" class=\"wp-block-cover__image-background wp-image-4768\" alt=\"\" src=\"https:\/\/pepr-cloud.fr\/files\/2025\/05\/Cloud_DINUM_2025.width-450.png\" style=\"object-position:50% 38%\" data-object-fit=\"cover\" data-object-position=\"50% 38%\" srcset=\"https:\/\/pepr-cloud.fr\/files\/2025\/05\/Cloud_DINUM_2025.width-450.png 450w, https:\/\/pepr-cloud.fr\/files\/2025\/05\/Cloud_DINUM_2025.width-450-300x169.png 300w, https:\/\/pepr-cloud.fr\/files\/2025\/05\/Cloud_DINUM_2025.width-450-150x84.png 150w\" sizes=\"auto, (max-width: 450px) 100vw, 450px\" \/><div class=\"wp-block-cover__inner-container is-layout-flow wp-block-cover-is-layout-flow\">\n<p class=\"has-text-align-center has-large-font-size\"><\/p>\n<\/div><\/div>\n\n\n\n<h1 class=\"has-text-color wp-block-heading\" style=\"color:#223cb0\">L\u2019\u00c9tat dans le Nuage : une journ\u00e9e d\u2019\u00e9changes strat\u00e9giques pour l\u2019avenir du Cloud Public<\/h1>\n\n\n\n<div style=\"height:27px\" aria-hidden=\"true\" class=\"wp-block-spacer\"><\/div>\n\n\n\n<h2 class=\"wp-block-heading\"><strong><em><em><em>Le 18 mars dernier, le PEPR Cloud \u00e9tait pr\u00e9sent \u00e0 l&rsquo;\u00e9v\u00e9nement L\u2019\u00c9tat dans le nuage, organis\u00e9 par la Direction interminist\u00e9rielle du num\u00e9rique (DINUM). Cette journ\u00e9e a marqu\u00e9 une \u00e9tape cl\u00e9 pour le cloud public en France et en Europe.<\/em><\/em><\/em><\/strong><\/h2>\n\n\n\n<hr class=\"wp-block-separator aligncenter has-text-color has-background has-cyan-bluish-gray-background-color has-cyan-bluish-gray-color is-style-wide\"\/>\n\n\n\n<div class=\"wp-block-columns is-layout-flex wp-container-core-columns-is-layout-9d6595d7 wp-block-columns-is-layout-flex\">\n<div class=\"wp-block-column is-layout-flow wp-block-column-is-layout-flow\">\n<p>Depuis l&rsquo;adoption de la doctrine cloud en 2021, l&rsquo;\u00c9tat a fait du Cloud un pr\u00e9requis pour tout nouveau projet num\u00e9rique, visant \u00e0 acc\u00e9l\u00e9rer la transformation num\u00e9rique tout en respectant la cybers\u00e9curit\u00e9 et la protection des donn\u00e9es. Cet \u00e9v\u00e9nement a permis de dresser un bilan sur l&rsquo;adoption du cloud, d&rsquo;encourager son utilisation, et de r\u00e9unir les membres de la communaut\u00e9 cloud de la sph\u00e8re publique.<\/p>\n\n\n\n<p>Parmi les intervenants, <strong>Christian Perez<\/strong>, directeur de recherche chez Inria a pr\u00e9sent\u00e9 <strong>SLICES<\/strong>, une infrastructure de recherche europ\u00e9enne d\u00e9di\u00e9e \u00e0 l&rsquo;exp\u00e9rimentation \u00e0 grande \u00e9chelle ax\u00e9e sur les protocoles de r\u00e9seau, les technologies radio, les services, la collecte de donn\u00e9es, l&rsquo;informatique parall\u00e8le et distribu\u00e9e et, en particulier, les architectures et les services d&rsquo;informatique en nuage et \u00e0 la p\u00e9riph\u00e9rie. SLICES, une initiative majeure pour les sciences num\u00e9riques, vise \u00e0 cr\u00e9er une plateforme de recherche pour tester des solutions num\u00e9riques. Soutenu par les PEPR Cloud et R\u00e9seaux du Futur. SLICES-FR est le n\u0153ud fran\u00e7ais de cette infrastructure.<\/p>\n<\/div>\n<\/div>\n\n\n\n<hr class=\"wp-block-separator is-style-wide\"\/>\n\n\n\n<p>Pour plus d&rsquo;informations, visitez les portails de <a href=\"https:\/\/www.slices-ri.eu\/\" data-type=\"URL\" data-id=\"https:\/\/www.slices-ri.eu\/\" target=\"_blank\" rel=\"noreferrer noopener\">SLICES <\/a>et <a href=\"https:\/\/slices-fr.eu\/\" data-type=\"URL\" data-id=\"https:\/\/slices-fr.eu\/\" target=\"_blank\" rel=\"noreferrer noopener\">SLICES-FR<\/a>.<\/p>","protected":false},"excerpt":{"rendered":"<p>L\u2019\u00c9tat dans le Nuage : une journ\u00e9e d\u2019\u00e9changes strat\u00e9giques pour l\u2019avenir du Cloud Public Le 18 mars dernier, le PEPR Cloud \u00e9tait pr\u00e9sent \u00e0 l&rsquo;\u00e9v\u00e9nement L\u2019\u00c9tat dans le nuage, organis\u00e9 par la Direction interminist\u00e9rielle du num\u00e9rique (DINUM). Cette journ\u00e9e a marqu\u00e9 une \u00e9tape cl\u00e9 pour le cloud public en France\u2026<\/p>\n<p> <a class=\"continue-reading-link\" href=\"https:\/\/pepr-cloud.fr\/fr\/letat-dans-le-nuage\/\"><span>Continuer la lecture<\/span><i class=\"crycon-right-dir\"><\/i><\/a> <\/p>\n","protected":false},"author":2502,"featured_media":4768,"comment_status":"closed","ping_status":"closed","sticky":false,"template":"","format":"standard","meta":{"footnotes":""},"categories":[18],"tags":[],"class_list":["post-4800","post","type-post","status-publish","format-standard","has-post-thumbnail","hentry","category-evenement"],"_links":{"self":[{"href":"https:\/\/pepr-cloud.fr\/fr\/wp-json\/wp\/v2\/posts\/4800","targetHints":{"allow":["GET"]}}],"collection":[{"href":"https:\/\/pepr-cloud.fr\/fr\/wp-json\/wp\/v2\/posts"}],"about":[{"href":"https:\/\/pepr-cloud.fr\/fr\/wp-json\/wp\/v2\/types\/post"}],"author":[{"embeddable":true,"href":"https:\/\/pepr-cloud.fr\/fr\/wp-json\/wp\/v2\/users\/2502"}],"replies":[{"embeddable":true,"href":"https:\/\/pepr-cloud.fr\/fr\/wp-json\/wp\/v2\/comments?post=4800"}],"version-history":[{"count":8,"href":"https:\/\/pepr-cloud.fr\/fr\/wp-json\/wp\/v2\/posts\/4800\/revisions"}],"predecessor-version":[{"id":4851,"href":"https:\/\/pepr-cloud.fr\/fr\/wp-json\/wp\/v2\/posts\/4800\/revisions\/4851"}],"wp:featuredmedia":[{"embeddable":true,"href":"https:\/\/pepr-cloud.fr\/fr\/wp-json\/wp\/v2\/media\/4768"}],"wp:attachment":[{"href":"https:\/\/pepr-cloud.fr\/fr\/wp-json\/wp\/v2\/media?parent=4800"}],"wp:term":[{"taxonomy":"category","embeddable":true,"href":"https:\/\/pepr-cloud.fr\/fr\/wp-json\/wp\/v2\/categories?post=4800"},{"taxonomy":"post_tag","embeddable":true,"href":"https:\/\/pepr-cloud.fr\/fr\/wp-json\/wp\/v2\/tags?post=4800"}],"curies":[{"name":"wp","href":"https:\/\/api.w.org\/{rel}","templated":true}]}}