


{"id":4771,"date":"2025-05-27T09:49:27","date_gmt":"2025-05-27T07:49:27","guid":{"rendered":"https:\/\/pepr-cloud.fr\/fr\/?p=4771"},"modified":"2025-09-26T10:30:39","modified_gmt":"2025-09-26T08:30:39","slug":"archi-cesam-au-risc-v-summit-europe-une-contribution-a-la-souverainete-technologique-de-leurope","status":"publish","type":"post","link":"https:\/\/pepr-cloud.fr\/fr\/archi-cesam-au-risc-v-summit-europe-une-contribution-a-la-souverainete-technologique-de-leurope\/","title":{"rendered":"RISC-V Summit Europe"},"content":{"rendered":"<h1 class=\"wp-block-heading has-text-color\" style=\"color:#223cb0\">Archi-CESAM au RISC-V Summit Europe : Une contribution \u00e0 la souverainet\u00e9 technologique de l\u2019Europe<\/h1>\n\n\n\n<h2 class=\"wp-block-heading\"><strong><em>Du 12 au 15 mai, le RISC-V Summit Europe s&rsquo;est tenu \u00e0 la Cit\u00e9 des sciences et de l&rsquo;industrie de la Villette. Cet \u00e9v\u00e9nement a \u00e9t\u00e9 une opportunit\u00e9 unique pour explorer les technologies cl\u00e9s d&rsquo;autonomie industrielle et de souverainet\u00e9, notamment RISC-V International et le mat\u00e9riel open source. Co-organis\u00e9 par le CEA et Inria, ce sommet a \u00e9t\u00e9 un carrefour d&rsquo;innovations et de collaborations, avec une pr\u00e9sence notable du projet Archi-CESAM<\/em>.<\/strong><\/h2>\n\n\n\n<div style=\"height:16px\" aria-hidden=\"true\" class=\"wp-block-spacer\"><\/div>\n\n\n\n<hr class=\"wp-block-separator has-css-opacity is-style-wide\"\/>\n\n\n\n<div class=\"wp-block-columns is-layout-flex wp-container-core-columns-is-layout-9d6595d7 wp-block-columns-is-layout-flex\">\n<div class=\"wp-block-column is-layout-flow wp-block-column-is-layout-flow\">\n<figure class=\"wp-block-image size-large\"><a href=\"https:\/\/pepr-cloud.fr\/files\/2025\/05\/IMG_5208.jpeg\"><img loading=\"lazy\" decoding=\"async\" width=\"1024\" height=\"768\" src=\"https:\/\/pepr-cloud.fr\/files\/2025\/05\/IMG_5208-1024x768.jpeg\" alt=\"\" class=\"wp-image-4772\" srcset=\"https:\/\/pepr-cloud.fr\/files\/2025\/05\/IMG_5208-1024x768.jpeg 1024w, https:\/\/pepr-cloud.fr\/files\/2025\/05\/IMG_5208-300x225.jpeg 300w, https:\/\/pepr-cloud.fr\/files\/2025\/05\/IMG_5208-768x576.jpeg 768w, https:\/\/pepr-cloud.fr\/files\/2025\/05\/IMG_5208-150x113.jpeg 150w, https:\/\/pepr-cloud.fr\/files\/2025\/05\/IMG_5208.jpeg 1280w\" sizes=\"auto, (max-width: 1024px) 100vw, 1024px\" \/><\/a><\/figure>\n<\/div>\n\n\n\n<div class=\"wp-block-column is-layout-flow wp-block-column-is-layout-flow\">\n<figure class=\"wp-block-image size-large\"><a href=\"https:\/\/pepr-cloud.fr\/files\/2025\/05\/IMG_5229-rotated.jpeg\"><img loading=\"lazy\" decoding=\"async\" width=\"1024\" height=\"768\" src=\"https:\/\/pepr-cloud.fr\/files\/2025\/05\/IMG_5229-1024x768.jpeg\" alt=\"\" class=\"wp-image-4773\" srcset=\"https:\/\/pepr-cloud.fr\/files\/2025\/05\/IMG_5229-1024x768.jpeg 1024w, https:\/\/pepr-cloud.fr\/files\/2025\/05\/IMG_5229-300x225.jpeg 300w, https:\/\/pepr-cloud.fr\/files\/2025\/05\/IMG_5229-768x576.jpeg 768w, https:\/\/pepr-cloud.fr\/files\/2025\/05\/IMG_5229-150x113.jpeg 150w, https:\/\/pepr-cloud.fr\/files\/2025\/05\/IMG_5229-rotated.jpeg 1280w\" sizes=\"auto, (max-width: 1024px) 100vw, 1024px\" \/><\/a><\/figure>\n<\/div>\n\n\n\n<div class=\"wp-block-column is-layout-flow wp-block-column-is-layout-flow\">\n<figure class=\"wp-block-image size-large\"><a href=\"https:\/\/pepr-cloud.fr\/files\/2025\/05\/IMG_5213.jpeg\"><img loading=\"lazy\" decoding=\"async\" width=\"1024\" height=\"768\" src=\"https:\/\/pepr-cloud.fr\/files\/2025\/05\/IMG_5213-1024x768.jpeg\" alt=\"\" class=\"wp-image-4774\" srcset=\"https:\/\/pepr-cloud.fr\/files\/2025\/05\/IMG_5213-1024x768.jpeg 1024w, https:\/\/pepr-cloud.fr\/files\/2025\/05\/IMG_5213-300x225.jpeg 300w, https:\/\/pepr-cloud.fr\/files\/2025\/05\/IMG_5213-768x576.jpeg 768w, https:\/\/pepr-cloud.fr\/files\/2025\/05\/IMG_5213-150x113.jpeg 150w, https:\/\/pepr-cloud.fr\/files\/2025\/05\/IMG_5213.jpeg 1280w\" sizes=\"auto, (max-width: 1024px) 100vw, 1024px\" \/><\/a><\/figure>\n<\/div>\n<\/div>\n\n\n\n<hr class=\"wp-block-separator has-css-opacity is-style-wide\"\/>\n\n\n\n<h3 class=\"wp-block-heading has-text-color\" style=\"color:#223cb0\"><strong>Le programme et les pr\u00e9sentations<\/strong><\/h3>\n\n\n\n<p><strong>Le programme<\/strong> a d\u00e9but\u00e9 le lundi 12 mai avec des tutoriels et des r\u00e9unions de groupes de travail sur les derni\u00e8res \u00e9volutions de RISC-V International. Du mardi 13 au jeudi 15 mai, les participants ont assist\u00e9 \u00e0 des sessions pl\u00e9ni\u00e8res, incluant des keynotes, des pr\u00e9sentations techniques, des panels et des d\u00e9monstrations. Plus de 35 exposants industriels et pr\u00e8s de 180 posters ont \u00e9galement \u00e9t\u00e9 pr\u00e9sent\u00e9s.<\/p>\n\n\n\n<p>Parmi <strong>les pr\u00e9sentations et posters<\/strong> notables du CEA et Inria, on peut citer des travaux sur des approches comp\u00e9titives pour le calcul scientifique avec des GPGPU bas\u00e9s sur RISC-V, des architectures de m\u00e9moire \u00e0 haut d\u00e9bit pour les c\u0153urs RISC-V, des strat\u00e9gies d&rsquo;acc\u00e9l\u00e9ration pour la cryptographie post-quantum, ainsi que des explorations de conception de soft-cores RISC-V et des mod\u00e8les pour des plateformes bas\u00e9es sur des chiplets.<\/p>\n\n\n\n<p>Un point fort de cet \u00e9v\u00e9nement a \u00e9t\u00e9 la pr\u00e9sence du projet <strong>Archi-CESAM<\/strong>, <strong>l&rsquo;un des 8 projets du PEPR Cloud<\/strong>. Ce projet vise \u00e0 repenser le mat\u00e9riel pour une co-conception avec l\u2019applicatif, dans une perspective d\u2019architecture converg\u00e9e et de confiance face \u00e0 l\u2019abondance de donn\u00e9es.<\/p>\n\n\n\n<div style=\"height:13px\" aria-hidden=\"true\" class=\"wp-block-spacer\"><\/div>\n\n\n\n<p class=\"has-text-align-center has-text-color\" style=\"color:#223cb0\"><em><strong>Cet \u00e9v\u00e9nement a \u00e9t\u00e9 une occasion de s&rsquo;immerger dans l&rsquo;\u00e9cosyst\u00e8me RISC-V, de rencontrer des experts et de d\u00e9couvrir les derni\u00e8res avanc\u00e9es technologiques. Une \u00e9tape importante pour contribuer \u00e0 b\u00e2tir la souverainet\u00e9 technologique de l\u2019Europe !<\/strong><\/em><\/p>\n\n\n\n<hr class=\"wp-block-separator has-css-opacity is-style-wide\"\/>\n\n\n\n<p>Pour plus d\u2019information concernant <strong>RISC-V Summit Europe<\/strong>, d\u00e9couvrez leur <a href=\"https:\/\/riscv-europe.org\/summit\/2025\/\">site<\/a>. <\/p>\n\n\n\n<p>Pour d\u00e9couvrir le <strong>projet Archi-CESAM<\/strong>, rendez-vous sur leur <a href=\"https:\/\/pepr-cloud.fr\/fr\/projet-archi-cesam\/\">page d\u00e9di\u00e9e<\/a>. <\/p>","protected":false},"excerpt":{"rendered":"<p>Archi-CESAM au RISC-V Summit Europe : Une contribution \u00e0 la souverainet\u00e9 technologique de l\u2019Europe Du 12 au 15 mai, le RISC-V Summit Europe s&rsquo;est tenu \u00e0 la Cit\u00e9 des sciences et de l&rsquo;industrie de la Villette. Cet \u00e9v\u00e9nement a \u00e9t\u00e9 une opportunit\u00e9 unique pour explorer les technologies cl\u00e9s d&rsquo;autonomie industrielle\u2026<\/p>\n<p> <a class=\"continue-reading-link\" href=\"https:\/\/pepr-cloud.fr\/fr\/archi-cesam-au-risc-v-summit-europe-une-contribution-a-la-souverainete-technologique-de-leurope\/\"><span>Continuer la lecture<\/span><i class=\"crycon-right-dir\"><\/i><\/a> <\/p>\n","protected":false},"author":2468,"featured_media":4783,"comment_status":"closed","ping_status":"closed","sticky":false,"template":"","format":"standard","meta":{"footnotes":""},"categories":[18],"tags":[],"class_list":["post-4771","post","type-post","status-publish","format-standard","has-post-thumbnail","hentry","category-evenement"],"_links":{"self":[{"href":"https:\/\/pepr-cloud.fr\/fr\/wp-json\/wp\/v2\/posts\/4771","targetHints":{"allow":["GET"]}}],"collection":[{"href":"https:\/\/pepr-cloud.fr\/fr\/wp-json\/wp\/v2\/posts"}],"about":[{"href":"https:\/\/pepr-cloud.fr\/fr\/wp-json\/wp\/v2\/types\/post"}],"author":[{"embeddable":true,"href":"https:\/\/pepr-cloud.fr\/fr\/wp-json\/wp\/v2\/users\/2468"}],"replies":[{"embeddable":true,"href":"https:\/\/pepr-cloud.fr\/fr\/wp-json\/wp\/v2\/comments?post=4771"}],"version-history":[{"count":14,"href":"https:\/\/pepr-cloud.fr\/fr\/wp-json\/wp\/v2\/posts\/4771\/revisions"}],"predecessor-version":[{"id":5049,"href":"https:\/\/pepr-cloud.fr\/fr\/wp-json\/wp\/v2\/posts\/4771\/revisions\/5049"}],"wp:featuredmedia":[{"embeddable":true,"href":"https:\/\/pepr-cloud.fr\/fr\/wp-json\/wp\/v2\/media\/4783"}],"wp:attachment":[{"href":"https:\/\/pepr-cloud.fr\/fr\/wp-json\/wp\/v2\/media?parent=4771"}],"wp:term":[{"taxonomy":"category","embeddable":true,"href":"https:\/\/pepr-cloud.fr\/fr\/wp-json\/wp\/v2\/categories?post=4771"},{"taxonomy":"post_tag","embeddable":true,"href":"https:\/\/pepr-cloud.fr\/fr\/wp-json\/wp\/v2\/tags?post=4771"}],"curies":[{"name":"wp","href":"https:\/\/api.w.org\/{rel}","templated":true}]}}