


{"id":4498,"date":"2025-03-28T10:27:47","date_gmt":"2025-03-28T09:27:47","guid":{"rendered":"https:\/\/pepr-cloud.fr\/fr\/?p=4498"},"modified":"2025-05-27T10:13:50","modified_gmt":"2025-05-27T08:13:50","slug":"les-greendaysrennes","status":"publish","type":"post","link":"https:\/\/pepr-cloud.fr\/fr\/les-greendays-a-rennes\/","title":{"rendered":"Les GreenDays@Rennes"},"content":{"rendered":"<div class=\"wp-block-cover is-light has-custom-content-position is-position-bottom-center animate__animated animate__fadeInDown\" style=\"min-height:500px;aspect-ratio:unset;\"><span aria-hidden=\"true\" class=\"has-background-dim-0 wp-block-cover__gradient-background has-background-dim\"><\/span><img loading=\"lazy\" decoding=\"async\" width=\"1000\" height=\"563\" class=\"wp-block-cover__image-background wp-image-4518\" alt=\"\" src=\"https:\/\/pepr-cloud.fr\/files\/2025\/03\/Groupe_GreenDays_2025.png\" data-object-fit=\"cover\" srcset=\"https:\/\/pepr-cloud.fr\/files\/2025\/03\/Groupe_GreenDays_2025.png 1000w, https:\/\/pepr-cloud.fr\/files\/2025\/03\/Groupe_GreenDays_2025-300x169.png 300w, https:\/\/pepr-cloud.fr\/files\/2025\/03\/Groupe_GreenDays_2025-768x432.png 768w, https:\/\/pepr-cloud.fr\/files\/2025\/03\/Groupe_GreenDays_2025-150x84.png 150w\" sizes=\"auto, (max-width: 1000px) 100vw, 1000px\" \/><div class=\"wp-block-cover__inner-container is-layout-flow wp-block-cover-is-layout-flow\">\n<p class=\"has-text-align-center has-large-font-size\"><\/p>\n<\/div><\/div>\n\n\n\n<h1 class=\"has-text-color wp-block-heading\" style=\"color:#223cb0\">GreenDays@Rennes&nbsp;: au-del\u00e0 de l\u2019efficacit\u00e9, comment imaginer un num\u00e9rique plus sobre&nbsp;?<\/h1>\n\n\n\n<div style=\"height:27px\" aria-hidden=\"true\" class=\"wp-block-spacer\"><\/div>\n\n\n\n<h2 class=\"wp-block-heading\"><strong><em><em>Les 25 et 26 mars 2025, Rennes a accueilli les GreenDays, un \u00e9v\u00e9nement incontournable pour les professionnels et passionn\u00e9s du num\u00e9rique \u00e9coresponsable. Organis\u00e9es par les GDR GPL, IASIS, MADICS, RSD, ROD, SOC2 et le GDRS EcoInfo, avec le soutien des PEPR Cloud et R\u00e9seaux du futur, ces journ\u00e9es, qui ont regroup\u00e9 plus de 150 personnes, ont \u00e9t\u00e9 l&rsquo;occasion d&rsquo;\u00e9changer sur la th\u00e9matique du num\u00e9rique \u00e9coresponsable. Le projet CARECloud, qui vise \u00e0 r\u00e9duire drastiquement les impacts environnementaux des infrastructures de cloud, a jou\u00e9 un r\u00f4le central dans l&rsquo;organisation de cet \u00e9v\u00e9nement.<\/em><\/em><\/strong><\/h2>\n\n\n\n<hr class=\"wp-block-separator aligncenter has-text-color has-background has-cyan-bluish-gray-background-color has-cyan-bluish-gray-color is-style-wide\"\/>\n\n\n\n<div class=\"wp-block-columns is-layout-flex wp-container-core-columns-is-layout-9d6595d7 wp-block-columns-is-layout-flex\">\n<div class=\"wp-block-column is-layout-flow wp-block-column-is-layout-flow\">\n<h3 class=\"has-text-color has-medium-font-size wp-block-heading\" style=\"color:#223cb0\"><strong><strong>Un<strong> \u00c9v\u00e9nement pour \u00e9changer autour du num\u00e9rique \u00e9coresponsable<\/strong><\/strong><\/strong><\/h3>\n\n\n\n<p>Les GreenDays@Rennes ont permis d\u2019\u00e9changer entre les participants et participantes sur les th\u00e9matiques li\u00e9es au num\u00e9rique \u00e9coresponsable. Avec des expos\u00e9s invit\u00e9s et des propositions soumises par les participants et les participantes, l&rsquo;\u00e9v\u00e9nement a abord\u00e9 divers angles de vue pour un num\u00e9rique plus durable. Les journ\u00e9es se sont concentr\u00e9es sur les enjeux environnementaux li\u00e9s au num\u00e9rique, avec un accent particulier sur la sobri\u00e9t\u00e9 num\u00e9rique, l&rsquo;efficacit\u00e9 \u00e9nerg\u00e9tique et les infrastructures durables.<\/p>\n<\/div>\n<\/div>\n\n\n\n<h3 class=\"has-text-color has-medium-font-size wp-block-heading\" style=\"color:#223cb0\"><strong>Th\u00e9matiques et Intervenants<\/strong><\/h3>\n\n\n\n<div class=\"wp-block-columns is-layout-flex wp-container-core-columns-is-layout-9d6595d7 wp-block-columns-is-layout-flex\">\n<div class=\"wp-block-column is-layout-flow wp-block-column-is-layout-flow\">\n<h3 class=\"wp-block-heading\"><strong>Mardi 25 mars :<\/strong><\/h3>\n\n\n\n<ul class=\"wp-block-list\"><li><strong>Ouverture et Introduction :<\/strong> Anne-C\u00e9cile Orgerie et Laurent Lef\u00e8vre ont ouvert cette 13<sup>e<\/sup> \u00e9dition des GreenDays. Matthieu Simonin a pr\u00e9sent\u00e9 le bilan carbone des GreenDays, suivi d&rsquo;une keynote de David Maenda Kithoko sur les infrastructures et l&rsquo;extractivisme en R\u00e9publique D\u00e9mocratique du Congo.<\/li><li><strong>Session IA :<\/strong> cette session a abord\u00e9 l&rsquo;efficacit\u00e9 \u00e9nerg\u00e9tique des mod\u00e8les d&rsquo;apprentissage machine.<\/li><li><strong>Session Mesures :<\/strong> cette session a trait\u00e9 des m\u00e9thodes de mesure et de pilotage de la sobri\u00e9t\u00e9 num\u00e9rique.<\/li><li><strong>Session Institutionnelle :<\/strong> Pr\u00e9sentations des GDR et d&rsquo;autres initiatives institutionnelles.<\/li><\/ul>\n<\/div>\n\n\n\n<div class=\"wp-block-column is-layout-flow wp-block-column-is-layout-flow\">\n<h3 class=\"wp-block-heading\"><strong>Mercredi 26 mars :<\/strong><\/h3>\n\n\n\n<ul class=\"wp-block-list\"><li><strong>Keynote :<\/strong> Christine Solnon a discut\u00e9 des liens entre recherche op\u00e9rationnelle et limites plan\u00e9taires, tandis que Fran\u00e7oise Berthoud et Laurent Lef\u00e8vre ont abord\u00e9 les verrous et les leviers de la sobri\u00e9t\u00e9 num\u00e9rique.<\/li><li><strong>Session Enseignements :<\/strong> cette session a explor\u00e9 les formations universitaires sur la sobri\u00e9t\u00e9 num\u00e9rique.<\/li><li><strong>Session Industriels :<\/strong> cette session a pr\u00e9sent\u00e9 des retours d&rsquo;exp\u00e9rience industriels sur l&rsquo;analyse du cycle de vie et la consommation \u00e9nerg\u00e9tique.<\/li><li><strong>Session Logiciel :<\/strong> cette session a abord\u00e9 les aspects logiciels de la durabilit\u00e9.<\/li><li><strong>Session Data Centres :<\/strong> cette session a explor\u00e9 les moyens d&rsquo;am\u00e9liorer l&rsquo;efficacit\u00e9 \u00e9nerg\u00e9tique des data centers.<\/li><li><strong>Session Posters&nbsp;:<\/strong> tout au long de ces deux jours, 16 posters ont \u00e9t\u00e9 pr\u00e9sent\u00e9s par diff\u00e9rentes \u00e9quipes et ont permis d\u2019interagir avec les participants et participantes sur les enjeux li\u00e9s au num\u00e9rique \u00e9coresponsable.<\/li><\/ul>\n<\/div>\n<\/div>\n\n\n<figure class=\"wp-block-pullquote has-medium-font-size\"><span style=\"color: #223cb0;\"><strong><strong><em><strong><em>Les GreenDays ont r\u00e9uni des experts acad\u00e9miques et industriels pour discuter des d\u00e9fis et des solutions li\u00e9s \u00e0 la durabilit\u00e9 num\u00e9rique, mettant en lumi\u00e8re des initiatives et des recherches prometteuses.<\/em><\/strong><\/em><\/strong><\/strong><\/span><\/figure>\n\n\n<p>Pour plus d\u2019information concernant les <strong>GreenDays<\/strong>, d\u00e9couvrez <a href=\"https:\/\/greendays.sciencesconf.org\" target=\"_blank\" rel=\"noreferrer noopener\">leur site<\/a><\/p>\n\n\n\n<p>Pour d\u00e9couvrir le projet <strong>CARECloud<\/strong>, rendez-vous sur <a href=\"https:\/\/carecloud.irisa.fr\" target=\"_blank\" rel=\"noreferrer noopener\">leur page d\u00e9di\u00e9e<\/a><\/p>\n\n\n\n<p>Pour en savoir plus sur les <strong>PEPR Cloud et R\u00e9seaux du futur<\/strong>, visitez <a href=\"https:\/\/pepr-cloud.fr\/fr\/\" target=\"_blank\" rel=\"noreferrer noopener\">le site du PEPR Cloud<\/a> et <a href=\"https:\/\/pepr-futurenetworks.fr\/\" target=\"_blank\" rel=\"noreferrer noopener\">le site du PEPR R\u00e9seaux du Futur<\/a><\/p>","protected":false},"excerpt":{"rendered":"<p>GreenDays@Rennes&nbsp;: au-del\u00e0 de l\u2019efficacit\u00e9, comment imaginer un num\u00e9rique plus sobre&nbsp;? Les 25 et 26 mars 2025, Rennes a accueilli les GreenDays, un \u00e9v\u00e9nement incontournable pour les professionnels et passionn\u00e9s du num\u00e9rique \u00e9coresponsable. Organis\u00e9es par les GDR GPL, IASIS, MADICS, RSD, ROD, SOC2 et le GDRS EcoInfo, avec le soutien des\u2026<\/p>\n<p> <a class=\"continue-reading-link\" href=\"https:\/\/pepr-cloud.fr\/fr\/les-greendays-a-rennes\/\"><span>Continuer la lecture<\/span><i class=\"crycon-right-dir\"><\/i><\/a> <\/p>\n","protected":false},"author":2502,"featured_media":4518,"comment_status":"closed","ping_status":"closed","sticky":false,"template":"","format":"standard","meta":{"footnotes":""},"categories":[18],"tags":[],"class_list":["post-4498","post","type-post","status-publish","format-standard","has-post-thumbnail","hentry","category-evenement"],"_links":{"self":[{"href":"https:\/\/pepr-cloud.fr\/fr\/wp-json\/wp\/v2\/posts\/4498","targetHints":{"allow":["GET"]}}],"collection":[{"href":"https:\/\/pepr-cloud.fr\/fr\/wp-json\/wp\/v2\/posts"}],"about":[{"href":"https:\/\/pepr-cloud.fr\/fr\/wp-json\/wp\/v2\/types\/post"}],"author":[{"embeddable":true,"href":"https:\/\/pepr-cloud.fr\/fr\/wp-json\/wp\/v2\/users\/2502"}],"replies":[{"embeddable":true,"href":"https:\/\/pepr-cloud.fr\/fr\/wp-json\/wp\/v2\/comments?post=4498"}],"version-history":[{"count":17,"href":"https:\/\/pepr-cloud.fr\/fr\/wp-json\/wp\/v2\/posts\/4498\/revisions"}],"predecessor-version":[{"id":4784,"href":"https:\/\/pepr-cloud.fr\/fr\/wp-json\/wp\/v2\/posts\/4498\/revisions\/4784"}],"wp:featuredmedia":[{"embeddable":true,"href":"https:\/\/pepr-cloud.fr\/fr\/wp-json\/wp\/v2\/media\/4518"}],"wp:attachment":[{"href":"https:\/\/pepr-cloud.fr\/fr\/wp-json\/wp\/v2\/media?parent=4498"}],"wp:term":[{"taxonomy":"category","embeddable":true,"href":"https:\/\/pepr-cloud.fr\/fr\/wp-json\/wp\/v2\/categories?post=4498"},{"taxonomy":"post_tag","embeddable":true,"href":"https:\/\/pepr-cloud.fr\/fr\/wp-json\/wp\/v2\/tags?post=4498"}],"curies":[{"name":"wp","href":"https:\/\/api.w.org\/{rel}","templated":true}]}}