


{"id":4448,"date":"2025-03-24T16:30:53","date_gmt":"2025-03-24T15:30:53","guid":{"rendered":"https:\/\/pepr-cloud.fr\/fr\/?p=4448"},"modified":"2025-03-31T10:49:50","modified_gmt":"2025-03-31T08:49:50","slug":"congres-mobilesoft-2025-a-ottawa","status":"publish","type":"post","link":"https:\/\/pepr-cloud.fr\/fr\/conference-mobilesoft-2025-a-ottawa\/","title":{"rendered":"Conf\u00e9rence MOBILESoft 2025 \u00e0 Ottawa"},"content":{"rendered":"<div class=\"wp-block-cover is-light has-custom-content-position is-position-bottom-center animate__animated animate__fadeInDown\" style=\"min-height:250px;aspect-ratio:unset;\"><span aria-hidden=\"true\" class=\"has-background-dim-0 wp-block-cover__gradient-background has-background-dim\"><\/span><img loading=\"lazy\" decoding=\"async\" width=\"1700\" height=\"800\" class=\"wp-block-cover__image-background wp-image-4548\" alt=\"\" src=\"https:\/\/pepr-cloud.fr\/files\/2025\/03\/LogoMSoft-2.jpg\" data-object-fit=\"cover\" srcset=\"https:\/\/pepr-cloud.fr\/files\/2025\/03\/LogoMSoft-2.jpg 1700w, https:\/\/pepr-cloud.fr\/files\/2025\/03\/LogoMSoft-2-300x141.jpg 300w, https:\/\/pepr-cloud.fr\/files\/2025\/03\/LogoMSoft-2-1024x482.jpg 1024w, https:\/\/pepr-cloud.fr\/files\/2025\/03\/LogoMSoft-2-768x361.jpg 768w, https:\/\/pepr-cloud.fr\/files\/2025\/03\/LogoMSoft-2-1536x723.jpg 1536w, https:\/\/pepr-cloud.fr\/files\/2025\/03\/LogoMSoft-2-150x71.jpg 150w, https:\/\/pepr-cloud.fr\/files\/2025\/03\/LogoMSoft-2-1320x621.jpg 1320w\" sizes=\"auto, (max-width: 1700px) 100vw, 1700px\" \/><div class=\"wp-block-cover__inner-container is-layout-flow wp-block-cover-is-layout-flow\">\n<p class=\"has-text-align-center has-large-font-size\"><\/p>\n<\/div><\/div>\n\n\n\n<h1 class=\"has-text-color wp-block-heading\" style=\"color:#223cb0\">Le Projet CARECloud \u00e0 la conf\u00e9rence MOBILESoft 2025 : R\u00e9duire l&rsquo;Impact Environnemental du Cloud<\/h1>\n\n\n\n<p class=\"has-black-color has-text-color\"><strong><em>La conf\u00e9rence MOBILESoft 2025, qui se tiendra \u00e0 Ottawa en avril, r\u00e9unira des experts internationaux pour discuter de l&rsquo;efficacit\u00e9 \u00e9nerg\u00e9tique des appareils mobiles. Parmi les participants, des membres du projet CARECloud seront pr\u00e9sents pour pr\u00e9senter leurs travaux sur l\u2019estimation de la consommation \u00e9nerg\u00e9tique des terminaux mobiles.<\/em><\/strong><\/p>\n\n\n\n<hr class=\"wp-block-separator aligncenter has-text-color has-background has-cyan-bluish-gray-background-color has-cyan-bluish-gray-color is-style-wide\"\/>\n\n\n\n<p>L&rsquo;efficacit\u00e9 \u00e9nerg\u00e9tique sera cruciale pour les appareils mobiles, o\u00f9 les inefficacit\u00e9s logicielles pourront rapidement \u00e9puiser la dur\u00e9e de vie de la batterie et r\u00e9duire la long\u00e9vit\u00e9 de l&rsquo;appareil. Le projet CARECloud, en partenariat avec Greenspector, pr\u00e9sentera une nouvelle m\u00e9thodologie d&rsquo;estimation de la consommation d&rsquo;\u00e9nergie des diff\u00e9rents composants mat\u00e9riels des terminaux mobiles. Contrairement aux approches existantes, cette m\u00e9thodologie consid\u00e9rera la consommation d&rsquo;\u00e9nergie de chaque composant comme un probl\u00e8me inverse, o\u00f9 la contribution de chaque composant \u00e0 la consommation d&rsquo;\u00e9nergie totale du terminal sera d\u00e9duite de mod\u00e8les statistiques lin\u00e9aires entre des mesures syst\u00e8mes et cette consommation totale.<\/p>\n\n\n\n<p>Les r\u00e9sultats montreront que les mod\u00e8les lin\u00e9aires atteindront une pr\u00e9cision pr\u00e9dictive \u00e9lev\u00e9e, avec des valeurs R au carr\u00e9 sup\u00e9rieures \u00e0 0,90 pour la consommation d&rsquo;\u00e9nergie totale. Des corr\u00e9lations robustes seront observ\u00e9es entre la consommation d&rsquo;\u00e9nergie pr\u00e9dite et la consommation d&rsquo;\u00e9nergie r\u00e9elle pour des composants cl\u00e9s tels que le CPU et le GPU. De plus, la quantit\u00e9 de mesures n\u00e9cessaires pour construire un tel mod\u00e8le sera de l&rsquo;ordre de la centaine plut\u00f4t que du millier. Pour en savoir plus : <a href=\"https:\/\/hal.science\/hal-04928609v1\">https:\/\/hal.science\/hal-04928609v1 <\/a><\/p>\n\n\n\n<p class=\"has-text-align-left\"><strong><em>Le projet CARECloud, en participant \u00e0 cette conf\u00e9rence, d\u00e9montrera son engagement \u00e0 d\u00e9velopper des solutions innovantes pour un avenir plus durable. Pour en savoir plus sur le projet CARECloud et ses initiatives, visitez <a href=\"https:\/\/pepr-cloud.fr\/fr\/projet-carecloud\/\">leur page<\/a><\/em><\/strong>.<\/p>","protected":false},"excerpt":{"rendered":"<p>Le Projet CARECloud \u00e0 la conf\u00e9rence MOBILESoft 2025 : R\u00e9duire l&rsquo;Impact Environnemental du Cloud La conf\u00e9rence MOBILESoft 2025, qui se tiendra \u00e0 Ottawa en avril, r\u00e9unira des experts internationaux pour discuter de l&rsquo;efficacit\u00e9 \u00e9nerg\u00e9tique des appareils mobiles. Parmi les participants, des membres du projet CARECloud seront pr\u00e9sents pour pr\u00e9senter leurs\u2026<\/p>\n<p> <a class=\"continue-reading-link\" href=\"https:\/\/pepr-cloud.fr\/fr\/conference-mobilesoft-2025-a-ottawa\/\"><span>Continuer la lecture<\/span><i class=\"crycon-right-dir\"><\/i><\/a> <\/p>\n","protected":false},"author":2502,"featured_media":0,"comment_status":"closed","ping_status":"closed","sticky":false,"template":"","format":"standard","meta":{"footnotes":""},"categories":[18],"tags":[],"class_list":["post-4448","post","type-post","status-publish","format-standard","hentry","category-evenement"],"_links":{"self":[{"href":"https:\/\/pepr-cloud.fr\/fr\/wp-json\/wp\/v2\/posts\/4448","targetHints":{"allow":["GET"]}}],"collection":[{"href":"https:\/\/pepr-cloud.fr\/fr\/wp-json\/wp\/v2\/posts"}],"about":[{"href":"https:\/\/pepr-cloud.fr\/fr\/wp-json\/wp\/v2\/types\/post"}],"author":[{"embeddable":true,"href":"https:\/\/pepr-cloud.fr\/fr\/wp-json\/wp\/v2\/users\/2502"}],"replies":[{"embeddable":true,"href":"https:\/\/pepr-cloud.fr\/fr\/wp-json\/wp\/v2\/comments?post=4448"}],"version-history":[{"count":12,"href":"https:\/\/pepr-cloud.fr\/fr\/wp-json\/wp\/v2\/posts\/4448\/revisions"}],"predecessor-version":[{"id":4550,"href":"https:\/\/pepr-cloud.fr\/fr\/wp-json\/wp\/v2\/posts\/4448\/revisions\/4550"}],"wp:attachment":[{"href":"https:\/\/pepr-cloud.fr\/fr\/wp-json\/wp\/v2\/media?parent=4448"}],"wp:term":[{"taxonomy":"category","embeddable":true,"href":"https:\/\/pepr-cloud.fr\/fr\/wp-json\/wp\/v2\/categories?post=4448"},{"taxonomy":"post_tag","embeddable":true,"href":"https:\/\/pepr-cloud.fr\/fr\/wp-json\/wp\/v2\/tags?post=4448"}],"curies":[{"name":"wp","href":"https:\/\/api.w.org\/{rel}","templated":true}]}}