


{"id":4438,"date":"2025-03-24T16:06:46","date_gmt":"2025-03-24T15:06:46","guid":{"rendered":"https:\/\/pepr-cloud.fr\/fr\/?p=4438"},"modified":"2025-03-27T14:28:54","modified_gmt":"2025-03-27T13:28:54","slug":"inscriptions-a-lecole-slices-fr-2025-a-lyon","status":"publish","type":"post","link":"https:\/\/pepr-cloud.fr\/fr\/inscriptions-a-lecole-slices-fr-2025-a-lyon\/","title":{"rendered":"Inscriptions \u00e0 l&rsquo;\u00c9cole SLICES-FR 2025 \u00e0 Lyon"},"content":{"rendered":"<div class=\"wp-block-cover is-light animate__animated animate__fadeInDown\" style=\"min-height:500px;aspect-ratio:unset;\"><span aria-hidden=\"true\" class=\"has-background-dim-0 wp-block-cover__gradient-background has-background-dim\"><\/span><img loading=\"lazy\" decoding=\"async\" width=\"1700\" height=\"800\" class=\"wp-block-cover__image-background wp-image-4465\" alt=\"\" src=\"https:\/\/pepr-cloud.fr\/files\/2025\/03\/logo_ecole-slicesfr_2025_3.png\" data-object-fit=\"cover\" srcset=\"https:\/\/pepr-cloud.fr\/files\/2025\/03\/logo_ecole-slicesfr_2025_3.png 1700w, https:\/\/pepr-cloud.fr\/files\/2025\/03\/logo_ecole-slicesfr_2025_3-300x141.png 300w, https:\/\/pepr-cloud.fr\/files\/2025\/03\/logo_ecole-slicesfr_2025_3-1024x482.png 1024w, https:\/\/pepr-cloud.fr\/files\/2025\/03\/logo_ecole-slicesfr_2025_3-768x361.png 768w, https:\/\/pepr-cloud.fr\/files\/2025\/03\/logo_ecole-slicesfr_2025_3-1536x723.png 1536w, https:\/\/pepr-cloud.fr\/files\/2025\/03\/logo_ecole-slicesfr_2025_3-150x71.png 150w, https:\/\/pepr-cloud.fr\/files\/2025\/03\/logo_ecole-slicesfr_2025_3-1320x621.png 1320w\" sizes=\"auto, (max-width: 1700px) 100vw, 1700px\" \/><div class=\"wp-block-cover__inner-container is-layout-flow wp-block-cover-is-layout-flow\">\n<p class=\"has-text-align-center has-large-font-size\"><\/p>\n<\/div><\/div>\n\n\n\n<h1 class=\"has-text-color wp-block-heading\" style=\"color:#223cb0\">SLICES-FR@Lyon<\/h1>\n\n\n\n<p class=\"has-black-color has-text-color\"><strong><em>Du 7 au 11 juillet 2025, l&rsquo;\u00c9cole Normale Sup\u00e9rieure de Lyon accueillera la premi\u00e8re \u00e9dition de l&rsquo;\u00c9cole <a href=\"https:\/\/slices-fr.eu\/\">SLICES-FR<\/a>. Cet \u00e9v\u00e9nement gratuit, co-organis\u00e9 avec les PEPR Cloud et R\u00e9seaux du futur, rassemblera chercheurs, ing\u00e9nieurs, et professionnels pour explorer les avanc\u00e9es dans le calcul distribu\u00e9, l&rsquo;edge computing, les r\u00e9seaux reprogrammables et l&rsquo;IoT.<\/em><\/strong><\/p>\n\n\n\n<hr class=\"wp-block-separator aligncenter has-text-color has-background has-cyan-bluish-gray-background-color has-cyan-bluish-gray-color is-style-wide\"\/>\n\n\n\n<div class=\"wp-block-columns is-layout-flex wp-container-core-columns-is-layout-9d6595d7 wp-block-columns-is-layout-flex\">\n<div class=\"wp-block-column is-layout-flow wp-block-column-is-layout-flow\">\n<p>Noeud fran\u00e7ais de <a href=\"https:\/\/slices-fr.eu\/\">SLICES<\/a> (Scientific Large Scale Infrastructure for Computing\/Communication Experimental Studies), l&rsquo;objectif principal de l&rsquo;\u00e9cole SLICES-FR est de construire un outil d&rsquo;exp\u00e9rimentation favorisant la conception de nouveaux services et applications. En utilisant une diversit\u00e9 de technologies sur tous les aspects de la cha\u00eene de donn\u00e9es, SLICES-FR r\u00e9pond aux besoins de la communaut\u00e9 scientifique et industrielle.<\/p>\n<\/div>\n\n\n\n<div class=\"wp-block-column is-layout-flow wp-block-column-is-layout-flow\">\n<p class=\"has-black-color has-text-color\"><strong><strong>Informations Pratiques<\/strong><\/strong><\/p>\n\n\n\n<p class=\"has-text-color\" style=\"color:#565b5f;font-size:15px\"><strong>Dates : <strong><em>7 au 11 juillet 2025<\/em><\/strong><\/strong><br><strong>Lieu : <strong><em>\u00c9cole Normale Sup\u00e9rieure de Lyon <\/em><\/strong><\/strong><br><strong>Pour plus d&rsquo;informations et pour r\u00e9server vos places, visitez le <\/strong><a href=\"https:\/\/ecole25slicesfr.sciencesconf.org\"><strong>site officiel de l&rsquo;\u00e9v\u00e9nement<\/strong><\/a><\/p>\n<\/div>\n<\/div>\n\n\n\n<h4 class=\"has-text-align-center has-text-color wp-block-heading\" style=\"color:#223cb0\"><strong>Ne manquez pas cette opportunit\u00e9 unique de contribuer \u00e0 l&rsquo;avenir des technologies num\u00e9riques !<\/strong><\/h4>","protected":false},"excerpt":{"rendered":"<p>SLICES-FR@Lyon Du 7 au 11 juillet 2025, l&rsquo;\u00c9cole Normale Sup\u00e9rieure de Lyon accueillera la premi\u00e8re \u00e9dition de l&rsquo;\u00c9cole SLICES-FR. Cet \u00e9v\u00e9nement gratuit, co-organis\u00e9 avec les PEPR Cloud et R\u00e9seaux du futur, rassemblera chercheurs, ing\u00e9nieurs, et professionnels pour explorer les avanc\u00e9es dans le calcul distribu\u00e9, l&rsquo;edge computing, les r\u00e9seaux reprogrammables et\u2026<\/p>\n<p> <a class=\"continue-reading-link\" href=\"https:\/\/pepr-cloud.fr\/fr\/inscriptions-a-lecole-slices-fr-2025-a-lyon\/\"><span>Continuer la lecture<\/span><i class=\"crycon-right-dir\"><\/i><\/a> <\/p>\n","protected":false},"author":2502,"featured_media":4465,"comment_status":"closed","ping_status":"closed","sticky":false,"template":"","format":"standard","meta":{"footnotes":""},"categories":[18],"tags":[],"class_list":["post-4438","post","type-post","status-publish","format-standard","has-post-thumbnail","hentry","category-evenement"],"_links":{"self":[{"href":"https:\/\/pepr-cloud.fr\/fr\/wp-json\/wp\/v2\/posts\/4438","targetHints":{"allow":["GET"]}}],"collection":[{"href":"https:\/\/pepr-cloud.fr\/fr\/wp-json\/wp\/v2\/posts"}],"about":[{"href":"https:\/\/pepr-cloud.fr\/fr\/wp-json\/wp\/v2\/types\/post"}],"author":[{"embeddable":true,"href":"https:\/\/pepr-cloud.fr\/fr\/wp-json\/wp\/v2\/users\/2502"}],"replies":[{"embeddable":true,"href":"https:\/\/pepr-cloud.fr\/fr\/wp-json\/wp\/v2\/comments?post=4438"}],"version-history":[{"count":8,"href":"https:\/\/pepr-cloud.fr\/fr\/wp-json\/wp\/v2\/posts\/4438\/revisions"}],"predecessor-version":[{"id":4481,"href":"https:\/\/pepr-cloud.fr\/fr\/wp-json\/wp\/v2\/posts\/4438\/revisions\/4481"}],"wp:featuredmedia":[{"embeddable":true,"href":"https:\/\/pepr-cloud.fr\/fr\/wp-json\/wp\/v2\/media\/4465"}],"wp:attachment":[{"href":"https:\/\/pepr-cloud.fr\/fr\/wp-json\/wp\/v2\/media?parent=4438"}],"wp:term":[{"taxonomy":"category","embeddable":true,"href":"https:\/\/pepr-cloud.fr\/fr\/wp-json\/wp\/v2\/categories?post=4438"},{"taxonomy":"post_tag","embeddable":true,"href":"https:\/\/pepr-cloud.fr\/fr\/wp-json\/wp\/v2\/tags?post=4438"}],"curies":[{"name":"wp","href":"https:\/\/api.w.org\/{rel}","templated":true}]}}