


{"id":4286,"date":"2025-03-11T11:57:56","date_gmt":"2025-03-11T10:57:56","guid":{"rendered":"https:\/\/pepr-cloud.fr\/fr\/?p=4286"},"modified":"2025-03-17T13:45:10","modified_gmt":"2025-03-17T12:45:10","slug":"inscriptions-aux-greendays-a-rennes","status":"publish","type":"post","link":"https:\/\/pepr-cloud.fr\/fr\/inscriptions-aux-greendays-a-rennes\/","title":{"rendered":"Inscriptions aux GreenDays \u00e0 Rennes"},"content":{"rendered":"<div class=\"wp-block-cover is-light is-repeated has-custom-content-position is-position-bottom-center animate__animated animate__fadeInDown\" style=\"background-image:url(https:\/\/pepr-cloud.fr\/files\/2025\/03\/green_net_2_.png);min-height:50px;aspect-ratio:unset;\"><span aria-hidden=\"true\" class=\"has-background-dim-0 wp-block-cover__gradient-background has-background-dim\"><\/span><div class=\"wp-block-cover__inner-container is-layout-flow wp-block-cover-is-layout-flow\">\n<p class=\"has-text-align-center has-large-font-size\"><\/p>\n<\/div><\/div>\n\n\n\n<h1 class=\"has-text-color wp-block-heading\" style=\"color:#223cb0\">GreenDays@Rennes : Vers un Num\u00e9rique \u00c9coresponsable<\/h1>\n\n\n\n<p class=\"has-black-color has-text-color\"><strong><em>Les 25 et 26 mars 2025, Rennes accueille les GreenDays, un \u00e9v\u00e9nement incontournable pour les professionnels et passionn\u00e9s du num\u00e9rique \u00e9coresponsable. Organis\u00e9es par les GDR GPL, IASIS, MADICS, RSD, ROD, SOC2 et le GDRS EcoInfo, avec le soutien des PEPR Cloud et R\u00e9seaux du futur et en lien avec le projet CARECloud, ces journ\u00e9es visent \u00e0 \u00e9changer entre les participants et participantes sur la th\u00e9matique du num\u00e9rique \u00e9coresponsable.<\/em><\/strong><\/p>\n\n\n\n<hr class=\"wp-block-separator aligncenter has-text-color has-background has-cyan-bluish-gray-background-color has-cyan-bluish-gray-color is-style-wide\"\/>\n\n\n\n<div class=\"wp-block-columns is-layout-flex wp-container-core-columns-is-layout-9d6595d7 wp-block-columns-is-layout-flex\">\n<div class=\"wp-block-column is-layout-flow wp-block-column-is-layout-flow\">\n<p class=\"has-text-color\" style=\"color:#223cb0\"><strong>Un \u00c9v\u00e9nement pour Penser le Num\u00e9rique de Demain<\/strong><\/p>\n\n\n\n<p>Les GreenDays@Rennes sont l&rsquo;occasion de d\u00e9couvrir les derni\u00e8res avanc\u00e9es et innovations en mati\u00e8re de num\u00e9rique \u00e9coresponsable. Avec des expos\u00e9s invit\u00e9s et des propositions soumises par les participants, l&rsquo;\u00e9v\u00e9nement aborde divers angles de vue pour un num\u00e9rique plus durable.<\/p>\n<\/div>\n\n\n\n<div class=\"wp-block-column is-layout-flow wp-block-column-is-layout-flow\">\n<p class=\"has-black-color has-text-color\"><strong><strong>Informations Pratiques<\/strong><\/strong><\/p>\n\n\n\n<p class=\"has-text-color\" style=\"color:#565b5f;font-size:15px\"><strong>Dates : 25 et 26 mars 2025<\/strong><br><strong>Lieu : IRISA, Campus de Beaulieu, 263 avenue du G\u00e9n\u00e9ral Leclerc, 35042 Rennes<\/strong><br><strong>Inscriptions : Gratuites et obligatoires avant le 11 mars 2025<\/strong><br><strong>Soumissions : Propositions d&rsquo;expos\u00e9s ou de posters avant le 3 mars 2025<\/strong><br><strong>Horaires : D\u00e9but le 25 mars \u00e0 13h30, fin le 26 mars \u00e0 17h<\/strong><\/p>\n<\/div>\n<\/div>\n\n\n\n<p class=\"has-text-align-center\"><strong><em>Pour plus d&rsquo;informations, visitez les sites <a href=\"https:\/\/greendays.sciencesconf.org\/\" target=\"_blank\" rel=\"noreferrer noopener\">GreenDays <\/a>et <a href=\"https:\/\/www.irisa.fr\/date\/2024-12\/greendays\" target=\"_blank\" rel=\"noreferrer noopener\">IRISA<\/a>.<\/em><\/strong><\/p>\n\n\n\n<h4 class=\"has-text-align-center has-text-color wp-block-heading\" style=\"color:#223cb0\"><strong>Ne manquez pas cette opportunit\u00e9 de contribuer \u00e0 un avenir num\u00e9rique plus vert !<\/strong><\/h4>","protected":false},"excerpt":{"rendered":"<p>GreenDays@Rennes : Vers un Num\u00e9rique \u00c9coresponsable Les 25 et 26 mars 2025, Rennes accueille les GreenDays, un \u00e9v\u00e9nement incontournable pour les professionnels et passionn\u00e9s du num\u00e9rique \u00e9coresponsable. Organis\u00e9es par les GDR GPL, IASIS, MADICS, RSD, ROD, SOC2 et le GDRS EcoInfo, avec le soutien des PEPR Cloud et R\u00e9seaux du\u2026<\/p>\n<p> <a class=\"continue-reading-link\" href=\"https:\/\/pepr-cloud.fr\/fr\/inscriptions-aux-greendays-a-rennes\/\"><span>Continuer la lecture<\/span><i class=\"crycon-right-dir\"><\/i><\/a> <\/p>\n","protected":false},"author":2502,"featured_media":0,"comment_status":"closed","ping_status":"closed","sticky":false,"template":"","format":"standard","meta":{"footnotes":""},"categories":[18],"tags":[],"class_list":["post-4286","post","type-post","status-publish","format-standard","hentry","category-evenement"],"_links":{"self":[{"href":"https:\/\/pepr-cloud.fr\/fr\/wp-json\/wp\/v2\/posts\/4286","targetHints":{"allow":["GET"]}}],"collection":[{"href":"https:\/\/pepr-cloud.fr\/fr\/wp-json\/wp\/v2\/posts"}],"about":[{"href":"https:\/\/pepr-cloud.fr\/fr\/wp-json\/wp\/v2\/types\/post"}],"author":[{"embeddable":true,"href":"https:\/\/pepr-cloud.fr\/fr\/wp-json\/wp\/v2\/users\/2502"}],"replies":[{"embeddable":true,"href":"https:\/\/pepr-cloud.fr\/fr\/wp-json\/wp\/v2\/comments?post=4286"}],"version-history":[{"count":14,"href":"https:\/\/pepr-cloud.fr\/fr\/wp-json\/wp\/v2\/posts\/4286\/revisions"}],"predecessor-version":[{"id":4499,"href":"https:\/\/pepr-cloud.fr\/fr\/wp-json\/wp\/v2\/posts\/4286\/revisions\/4499"}],"wp:attachment":[{"href":"https:\/\/pepr-cloud.fr\/fr\/wp-json\/wp\/v2\/media?parent=4286"}],"wp:term":[{"taxonomy":"category","embeddable":true,"href":"https:\/\/pepr-cloud.fr\/fr\/wp-json\/wp\/v2\/categories?post=4286"},{"taxonomy":"post_tag","embeddable":true,"href":"https:\/\/pepr-cloud.fr\/fr\/wp-json\/wp\/v2\/tags?post=4286"}],"curies":[{"name":"wp","href":"https:\/\/api.w.org\/{rel}","templated":true}]}}