


{"id":4244,"date":"2025-03-07T09:36:49","date_gmt":"2025-03-07T08:36:49","guid":{"rendered":"https:\/\/pepr-cloud.fr\/fr\/?p=4244"},"modified":"2025-12-17T15:45:44","modified_gmt":"2025-12-17T14:45:44","slug":"jidf-interview-patricia-stolf","status":"publish","type":"post","link":"https:\/\/pepr-cloud.fr\/fr\/journee-internationale-des-droits-des-femmes-interview-de-patricia-stolf\/","title":{"rendered":"Journ\u00e9e Internationale des Droits des Femmes &#8211; Interview de Patricia Stolf"},"content":{"rendered":"<div class=\"wp-block-columns has-background is-layout-flex wp-container-core-columns-is-layout-9d6595d7 wp-block-columns-is-layout-flex\" style=\"background:linear-gradient(90deg,rgb(32,55,84) 0%,rgb(103,146,197) 98%)\">\n<div class=\"wp-block-column is-vertically-aligned-center is-layout-flow wp-block-column-is-layout-flow\" style=\"flex-basis:33.33%\">\n<div style=\"height:25px\" aria-hidden=\"true\" class=\"wp-block-spacer\"><\/div>\n\n\n<div class=\"wp-block-image is-style-default\">\n<figure class=\"aligncenter size-medium\"><img loading=\"lazy\" decoding=\"async\" width=\"200\" height=\"300\" src=\"https:\/\/pepr-cloud.fr\/files\/2025\/03\/Patricia_Stolf-200x300.jpg\" alt=\"\" class=\"wp-image-6099\" srcset=\"https:\/\/pepr-cloud.fr\/files\/2025\/03\/Patricia_Stolf-200x300.jpg 200w, https:\/\/pepr-cloud.fr\/files\/2025\/03\/Patricia_Stolf-682x1024.jpg 682w, https:\/\/pepr-cloud.fr\/files\/2025\/03\/Patricia_Stolf-768x1153.jpg 768w, https:\/\/pepr-cloud.fr\/files\/2025\/03\/Patricia_Stolf-1023x1536.jpg 1023w, https:\/\/pepr-cloud.fr\/files\/2025\/03\/Patricia_Stolf-1364x2048.jpg 1364w, https:\/\/pepr-cloud.fr\/files\/2025\/03\/Patricia_Stolf-100x150.jpg 100w, https:\/\/pepr-cloud.fr\/files\/2025\/03\/Patricia_Stolf-1320x1982.jpg 1320w, https:\/\/pepr-cloud.fr\/files\/2025\/03\/Patricia_Stolf-scaled.jpg 1705w\" sizes=\"auto, (max-width: 200px) 100vw, 200px\" \/><\/figure><\/div>\n\n\n<div style=\"height:25px\" aria-hidden=\"true\" class=\"wp-block-spacer\"><\/div>\n<\/div>\n\n\n\n<div class=\"wp-block-column is-vertically-aligned-center is-layout-flow wp-block-column-is-layout-flow\" style=\"flex-basis:66.66%\">\n<div style=\"height:30px\" aria-hidden=\"true\" class=\"wp-block-spacer\"><\/div>\n\n\n\n<h2 class=\"wp-block-heading has-white-color has-text-color\"><strong><strong><em><strong>\u00c0 l\u2019occasion de la Journ\u00e9e Internationale des Droits des Femmes, Patricia Stolf, Enseignante-chercheuse \u00e0 l\u2019Universit\u00e9 Toulouse-Jean Jaur\u00e8s sur le site de l\u2019IUT de Blagnac et Professeure des Universit\u00e9s \u00e0 l\u2019IRIT depuis 2022, partage son parcours, ses projets inspirants et sa vision de la place des femmes dans le monde scientifique.<\/strong><\/em><\/strong><\/strong><\/h2>\n\n\n\n<div style=\"height:40px\" aria-hidden=\"true\" class=\"wp-block-spacer\"><\/div>\n<\/div>\n<\/div>\n\n\n\n<div style=\"height:40px\" aria-hidden=\"true\" class=\"wp-block-spacer\"><\/div>\n\n\n\n<div class=\"wp-block-columns is-layout-flex wp-container-core-columns-is-layout-9d6595d7 wp-block-columns-is-layout-flex\">\n<div class=\"wp-block-column is-layout-flow wp-block-column-is-layout-flow\">\n<div class=\"wp-block-group\"><div class=\"wp-block-group__inner-container is-layout-flow wp-block-group-is-layout-flow\">\n<p class=\"has-black-color has-text-color\" style=\"font-size:15px\"><strong><strong><em>Pouvez-vous nous parler de votre parcours scolaire et professionnel ?<\/em><\/strong><\/strong><\/p>\n\n\n\n<p class=\"has-text-color has-small-font-size\" style=\"color:#5a5c5e\"><strong>Apr\u00e8s un Bac scientifique, j\u2019ai int\u00e9gr\u00e9 l\u2019INSA de Toulouse. J\u2019ai toujours \u00e9t\u00e9 attir\u00e9e par l\u2019enseignement et la recherche. D\u00e8s ma quatri\u00e8me ann\u00e9e \u00e0 l\u2019INSA, je me suis renseign\u00e9e sur le parcours pour devenir enseignante-chercheuse. En parall\u00e8le de ma derni\u00e8re ann\u00e9e, j\u2019ai suivi des cours de DEA en r\u00e9seaux et t\u00e9l\u00e9communications et effectu\u00e9 un stage en laboratoire de recherche, tout en enseignant \u00e0 l\u2019INSA. Ces exp\u00e9riences m\u2019ont confort\u00e9e dans ma voie. J\u2019ai obtenu mon dipl\u00f4me d\u2019ing\u00e9nieur en 2001, r\u00e9alis\u00e9 ma th\u00e8se au LAAS-CNRS, soutenue en 2004, et j\u2019ai \u00e9t\u00e9 recrut\u00e9e Ma\u00eetre de Conf\u00e9rences en 2005. Depuis 2022, je suis Professeure des Universit\u00e9s \u00e0 l\u2019IRIT et responsable scientifique de l\u2019\u00e9quipe SEPIA, ainsi que chef de d\u00e9partement informatique \u00e0 l\u2019IUT de Blagnac.<\/strong><\/p>\n\n\n\n<p class=\"has-black-color has-text-color\" style=\"font-size:15px\"><strong><strong><strong><em>Pourquoi avoir choisi le domaine de l\u2019informatique et du Cloud Computing ?<\/em><\/strong><\/strong><\/strong><\/p>\n\n\n\n<p class=\"has-text-color has-small-font-size\" style=\"color:#5a5c5e\"><strong>J\u2019ai toujours appr\u00e9ci\u00e9 les math\u00e9matiques. \u00c0 l\u2019INSA, j\u2019ai h\u00e9sit\u00e9 entre math\u00e9matiques et informatique, optant finalement pour cette derni\u00e8re. \u00c0 l\u2019\u00e9poque, il y avait une grande effervescence autour des projets informatiques, notamment avec le passage \u00e0 l\u2019an 2000. Mon stage de fin d\u2019\u00e9tudes et ma th\u00e8se portaient sur les clusters et grilles de calcul, pr\u00e9curseurs des infrastructures de cloud. J\u2019appr\u00e9cie les recherches appliqu\u00e9es et concr\u00e8tes, notamment celles li\u00e9es \u00e0 l\u2019\u00e9conomie d\u2019\u00e9nergie, une probl\u00e9matique soci\u00e9tale et environnementale importante.<\/strong><\/p>\n\n\n\n<p class=\"has-black-color has-text-color\" style=\"font-size:15px\"><strong><strong><strong><strong><em>Quelles sont vos initiatives majeures dans la recherche ?<\/em><\/strong><\/strong><\/strong><\/strong><\/p>\n\n\n\n<p class=\"has-text-color has-small-font-size\" style=\"color:#5a5c5e\">J<strong>\u2019ai particip\u00e9 \u00e0 plusieurs projets europ\u00e9ens et nationaux, avec un fil conducteur : l\u2019optimisation des ressources, que ce soit le placement des applications ou la consommation \u00e9nerg\u00e9tique dans le cloud. Par exemple, j\u2019ai \u00e9tudi\u00e9 la dissipation de chaleur dans les centres de calcul et l\u2019int\u00e9gration d\u2019\u00e9nergies renouvelables pour r\u00e9duire l\u2019empreinte carbone des centres de calcul. Actuellement, je travaille sur des projets comme CareCloud du PEPR Cloud et E2CC, visant \u00e0 rendre le cloud plus durable et soutenable.<\/strong><\/p>\n\n\n\n<p class=\"has-black-color has-text-color\" style=\"font-size:15px\"><strong><strong><strong><strong><strong><em>Quelle est votre vision de la place des femmes dans le monde scientifique et pourquoi est-il important de promouvoir la f\u00e9minisation de la science ?<\/em><\/strong><\/strong><\/strong><\/strong><\/strong><\/p>\n\n\n\n<p class=\"has-text-color has-small-font-size\" style=\"color:#5a5c5e\"><strong>La science est ouverte \u00e0 tous, et ce qui est important, c\u2019est la cr\u00e9ativit\u00e9 et le sens que l\u2019on trouve dans nos activit\u00e9s professionnelles. Aujourd\u2019hui, les femmes sont peu pr\u00e9sentes dans nos domaines. Nous recevons peu de candidatures f\u00e9minines pour des stages ou des th\u00e8ses, ce qui r\u00e9duit le vivier disponible pour des postes d\u2019enseignant-chercheur. Il est crucial de promouvoir la f\u00e9minisation de la science d\u00e8s le plus jeune \u00e2ge, par l\u2019\u00e9ducation et la sensibilisation, pour encourager les filles \u00e0 s\u2019int\u00e9resser aux sciences.<\/strong><\/p>\n\n\n\n<p class=\"has-black-color has-text-color\" style=\"font-size:15px\"><strong><strong><strong><strong><strong><strong>Q<em>uelles sont vos mod\u00e8les f\u00e9minins dans votre domaine ?<\/em><\/strong><\/strong><\/strong><\/strong><\/strong><\/strong><\/p>\n\n\n\n<p class=\"has-text-color has-small-font-size\" style=\"color:#5a5c5e\"><strong>L\u2019histoire de la science a montr\u00e9 que de nombreuses femmes ont eu leur place. Par exemple, Marie Curie dans le domaine scientifique, Ada Lovelace, consid\u00e9r\u00e9e comme la premi\u00e8re programmeuse informatique, et Radia Perlman, surnomm\u00e9e la \u00ab\u00a0m\u00e8re de l\u2019Internet\u00a0\u00bb, ont toutes montr\u00e9 que l\u2019excellence et l\u2019innovation ne connaissent pas de genre.<\/strong><\/p>\n\n\n\n<p class=\"has-black-color has-text-color\" style=\"font-size:15px\"><strong><strong><strong><strong><strong><strong><strong><em>Quel est votre avis sur l\u2019\u00e9volution dans les institutions acad\u00e9miques et les entreprises pour un environnement plus \u00e9galitaire et inclusif ?<\/em><\/strong><\/strong><\/strong><\/strong><\/strong><\/strong><\/strong><\/p>\n\n\n\n<p class=\"has-text-color has-small-font-size\" style=\"color:#5a5c5e\">Depuis plusieurs ann\u00e9es, des initiatives sont men\u00e9es dans les universit\u00e9s et laboratoires pour un environnement plus inclusif. Des sensibilisations sont faites sur les th\u00e8mes d\u2019\u00e9galit\u00e9, parit\u00e9 et handicap. Par exemple, nous sommes form\u00e9s sur les biais inconscients et les st\u00e9r\u00e9otypes de genre. Il me semble que la m\u00eame dynamique est en place dans les entreprises. Ces \u00e9volutions prennent du temps, mais il est important de continuer dans cette voie, car la diversit\u00e9 dans les \u00e9quipes de recherche enrichit la recherche scientifique.<\/p>\n\n\n\n<p class=\"has-black-color has-text-color\" style=\"font-size:15px\"><strong><strong><strong><strong><strong><strong><strong><strong><em>Avez-vous un conseil \u00e0 donner \u00e0 une jeune femme qui souhaite se lancer dans la m\u00eame carri\u00e8re que vous ?<\/em><\/strong><\/strong><\/strong><\/strong><\/strong><\/strong><\/strong><\/strong><\/p>\n\n\n\n<p class=\"has-text-color has-small-font-size\" style=\"color:#5a5c5e\"><strong>C\u2019est une carri\u00e8re que je referais sans h\u00e9siter. C\u2019est un m\u00e9tier passionnant, et j\u2019encourage les femmes comme les hommes \u00e0 suivre ce parcours. Notre carri\u00e8re se construit aussi avec des rencontres et des opportunit\u00e9s. C\u2019est un m\u00e9tier tr\u00e8s collaboratif, avec de nombreux projets en partenariat. Les rencontres sont tr\u00e8s importantes, et ce m\u00e9tier est plein de rebondissements.<\/strong><\/p>\n<\/div><\/div>\n<\/div>\n<\/div>\n\n\n\n<hr class=\"wp-block-separator has-css-opacity is-style-wide\"\/>\n\n\n\n<h2 class=\"wp-block-heading has-text-align-center has-text-color\" style=\"color:#203754\">_<strong>Le mot de la fin<\/strong>_<\/h2>\n\n\n\n<p class=\"has-text-align-left has-text-color\" style=\"color:#203754\"><strong><strong>Patricia Stolf illustre parfaitement la capacit\u00e9 des femmes \u00e0 s\u2019illustrer dans le domaine scientifique. Son e<\/strong>ngagement et son discours pour la parit\u00e9 t\u00e9moignent de la contribution significative des femmes \u00e0 la recherche, soulignant l\u2019importance d\u2019une repr\u00e9sentation \u00e9quilibr\u00e9e pour un avenir plus inclusif.<\/strong><\/p>\n\n\n\n<hr class=\"wp-block-separator has-css-opacity is-style-wide\"\/>\n\n\n\n<p style=\"font-size:15px\"><strong>Exemple de publication :  <a href=\"https:\/\/www.sciencedirect.com\/science\/article\/abs\/pii\/S136403212101056X?via%3Dihub\" target=\"_blank\" rel=\"noreferrer noopener\">Survey sur les centres de calcul aliment\u00e9s par des \u00e9nergies renouvelables<\/a><\/strong><\/p>\n\n\n\n<p style=\"font-size:15px\"><strong>Sa derni\u00e8re publication : <a href=\"https:\/\/link.springer.com\/chapter\/10.1007\/978-3-031-69577-3_11\">Cas d&rsquo;application pour am\u00e9liorer la consommation d&rsquo;\u00e9nergie dans les plateformes HPC<\/a><\/strong><\/p>","protected":false},"excerpt":{"rendered":"<p>\u00c0 l\u2019occasion de la Journ\u00e9e Internationale des Droits des Femmes, Patricia Stolf, Enseignante-chercheuse \u00e0 l\u2019Universit\u00e9 Toulouse-Jean Jaur\u00e8s sur le site de l\u2019IUT de Blagnac et Professeure des Universit\u00e9s \u00e0 l\u2019IRIT depuis 2022, partage son parcours, ses projets inspirants et sa vision de la place des femmes dans le monde scientifique.\u2026<\/p>\n<p> <a class=\"continue-reading-link\" href=\"https:\/\/pepr-cloud.fr\/fr\/journee-internationale-des-droits-des-femmes-interview-de-patricia-stolf\/\"><span>Continuer la lecture<\/span><i class=\"crycon-right-dir\"><\/i><\/a> <\/p>\n","protected":false},"author":2502,"featured_media":0,"comment_status":"closed","ping_status":"closed","sticky":false,"template":"","format":"standard","meta":{"footnotes":""},"categories":[21],"tags":[],"class_list":["post-4244","post","type-post","status-publish","format-standard","hentry","category-interviews"],"_links":{"self":[{"href":"https:\/\/pepr-cloud.fr\/fr\/wp-json\/wp\/v2\/posts\/4244","targetHints":{"allow":["GET"]}}],"collection":[{"href":"https:\/\/pepr-cloud.fr\/fr\/wp-json\/wp\/v2\/posts"}],"about":[{"href":"https:\/\/pepr-cloud.fr\/fr\/wp-json\/wp\/v2\/types\/post"}],"author":[{"embeddable":true,"href":"https:\/\/pepr-cloud.fr\/fr\/wp-json\/wp\/v2\/users\/2502"}],"replies":[{"embeddable":true,"href":"https:\/\/pepr-cloud.fr\/fr\/wp-json\/wp\/v2\/comments?post=4244"}],"version-history":[{"count":47,"href":"https:\/\/pepr-cloud.fr\/fr\/wp-json\/wp\/v2\/posts\/4244\/revisions"}],"predecessor-version":[{"id":6105,"href":"https:\/\/pepr-cloud.fr\/fr\/wp-json\/wp\/v2\/posts\/4244\/revisions\/6105"}],"wp:attachment":[{"href":"https:\/\/pepr-cloud.fr\/fr\/wp-json\/wp\/v2\/media?parent=4244"}],"wp:term":[{"taxonomy":"category","embeddable":true,"href":"https:\/\/pepr-cloud.fr\/fr\/wp-json\/wp\/v2\/categories?post=4244"},{"taxonomy":"post_tag","embeddable":true,"href":"https:\/\/pepr-cloud.fr\/fr\/wp-json\/wp\/v2\/tags?post=4244"}],"curies":[{"name":"wp","href":"https:\/\/api.w.org\/{rel}","templated":true}]}}