


{"id":3776,"date":"2024-12-20T15:23:52","date_gmt":"2024-12-20T14:23:52","guid":{"rendered":"https:\/\/pepr-cloud.fr\/fr\/?p=3776"},"modified":"2025-03-17T13:35:43","modified_gmt":"2025-03-17T12:35:43","slug":"retour-sur-les-rencontres-du-pepr-cloud","status":"publish","type":"post","link":"https:\/\/pepr-cloud.fr\/fr\/retour-sur-les-rencontres-du-pepr-cloud-une-belle-synergie-entre-acteurs-des-mondes-academique-et-industriel\/","title":{"rendered":"Retour sur les Rencontres du PEPR Cloud : Une belle Synergie entre acteurs des mondes acad\u00e9mique et industriel"},"content":{"rendered":"<div class=\"wp-block-cover animate__animated animate__fadeInDown\"><span aria-hidden=\"true\" class=\"has-background-dim-0 wp-block-cover__gradient-background has-background-dim\"><\/span><img loading=\"lazy\" decoding=\"async\" width=\"3526\" height=\"1170\" class=\"wp-block-cover__image-background wp-image-3808\" alt=\"\" src=\"https:\/\/pepr-cloud.fr\/files\/2025\/01\/pixelcut-export.png\" data-object-fit=\"cover\" srcset=\"https:\/\/pepr-cloud.fr\/files\/2025\/01\/pixelcut-export.png 3526w, https:\/\/pepr-cloud.fr\/files\/2025\/01\/pixelcut-export-300x100.png 300w, https:\/\/pepr-cloud.fr\/files\/2025\/01\/pixelcut-export-1024x340.png 1024w, https:\/\/pepr-cloud.fr\/files\/2025\/01\/pixelcut-export-768x255.png 768w, https:\/\/pepr-cloud.fr\/files\/2025\/01\/pixelcut-export-1536x510.png 1536w, https:\/\/pepr-cloud.fr\/files\/2025\/01\/pixelcut-export-2048x680.png 2048w, https:\/\/pepr-cloud.fr\/files\/2025\/01\/pixelcut-export-150x50.png 150w\" sizes=\"auto, (max-width: 3526px) 100vw, 3526px\" \/><div class=\"wp-block-cover__inner-container is-layout-flow wp-block-cover-is-layout-flow\">\n<p class=\"has-text-align-center has-large-font-size\"><\/p>\n<\/div><\/div>\n\n\n\n<div style=\"height:100px\" aria-hidden=\"true\" class=\"wp-block-spacer\"><\/div>\n\n\n\n<p>Le \ud835\uddd9\ud835\uddfc\ud835\uddff\ud835\ude02\ud835\uddfa \ud835\udde6\ud835\ude06\ud835\uddfb\ud835\uddf2\ud835\uddff\ud835\uddf4\ud835\uddf6\ud835\uddf2, qui s\u2019est d\u00e9roul\u00e9 le 4 d\u00e9cembre au <strong>Centre Inria de l\u2019universit\u00e9 de Grenoble Alpes<\/strong>, a \u00e9t\u00e9 l&rsquo;occasion d&rsquo;encourager les synergies entre les membres du PEPR et les acteurs des mondes acad\u00e9miques et industriel \u00e0 travers diverses pr\u00e9sentations inspirantes. \u00c0 cette occasion, nous avons pu assister \u00e0 plusieurs pr\u00e9sentations d\u2019acteurs majeurs de l\u2019\u00e9cosyst\u00e8me fran\u00e7ais, r\u00e9unis autour du cloud. <strong><em>Adrien Laroche<\/em><\/strong>, Coordinateur national de la strat\u00e9gie d\u2019acc\u00e9l\u00e9ration Cloud, a ouvert la journ\u00e9e en rappelant l\u2019importance des collaborations acad\u00e9mique et industriel pour la th\u00e9matique.<\/p>\n\n\n\n<div style=\"height:50px\" aria-hidden=\"true\" class=\"wp-block-spacer\"><\/div>\n\n\n\n<div class=\"wp-block-columns is-layout-flex wp-container-core-columns-is-layout-9d6595d7 wp-block-columns-is-layout-flex\">\n<div class=\"wp-block-column is-layout-flow wp-block-column-is-layout-flow\" style=\"flex-basis:100%\">\n<figure class=\"wp-block-gallery has-nested-images columns-default is-cropped wp-block-gallery-1 is-layout-flex wp-block-gallery-is-layout-flex\">\n<figure class=\"wp-block-image size-medium is-style-default\"><img loading=\"lazy\" decoding=\"async\" width=\"300\" height=\"225\" data-id=\"3779\" src=\"https:\/\/pepr-cloud.fr\/files\/2024\/12\/1734021880993-300x225.jpg\" alt=\"\" class=\"wp-image-3779\" srcset=\"https:\/\/pepr-cloud.fr\/files\/2024\/12\/1734021880993-300x225.jpg 300w, https:\/\/pepr-cloud.fr\/files\/2024\/12\/1734021880993-1024x768.jpg 1024w, https:\/\/pepr-cloud.fr\/files\/2024\/12\/1734021880993-768x576.jpg 768w, https:\/\/pepr-cloud.fr\/files\/2024\/12\/1734021880993-1536x1152.jpg 1536w, https:\/\/pepr-cloud.fr\/files\/2024\/12\/1734021880993-150x113.jpg 150w, https:\/\/pepr-cloud.fr\/files\/2024\/12\/1734021880993.jpg 2048w\" sizes=\"auto, (max-width: 300px) 100vw, 300px\" \/><\/figure>\n\n\n\n<figure class=\"wp-block-image size-large\"><img loading=\"lazy\" decoding=\"async\" width=\"2048\" height=\"1536\" data-id=\"3778\" src=\"https:\/\/pepr-cloud.fr\/files\/2024\/12\/1734021880268.jpg\" alt=\"\" class=\"wp-image-3778\" srcset=\"https:\/\/pepr-cloud.fr\/files\/2024\/12\/1734021880268.jpg 2048w, https:\/\/pepr-cloud.fr\/files\/2024\/12\/1734021880268-300x225.jpg 300w, https:\/\/pepr-cloud.fr\/files\/2024\/12\/1734021880268-1024x768.jpg 1024w, https:\/\/pepr-cloud.fr\/files\/2024\/12\/1734021880268-768x576.jpg 768w, https:\/\/pepr-cloud.fr\/files\/2024\/12\/1734021880268-1536x1152.jpg 1536w, https:\/\/pepr-cloud.fr\/files\/2024\/12\/1734021880268-150x113.jpg 150w\" sizes=\"auto, (max-width: 2048px) 100vw, 2048px\" \/><\/figure>\n\n\n\n<figure class=\"wp-block-image size-large\"><img loading=\"lazy\" decoding=\"async\" width=\"2048\" height=\"1536\" data-id=\"3777\" src=\"https:\/\/pepr-cloud.fr\/files\/2024\/12\/1734021882253.jpg\" alt=\"\" class=\"wp-image-3777\" srcset=\"https:\/\/pepr-cloud.fr\/files\/2024\/12\/1734021882253.jpg 2048w, https:\/\/pepr-cloud.fr\/files\/2024\/12\/1734021882253-300x225.jpg 300w, https:\/\/pepr-cloud.fr\/files\/2024\/12\/1734021882253-1024x768.jpg 1024w, https:\/\/pepr-cloud.fr\/files\/2024\/12\/1734021882253-768x576.jpg 768w, https:\/\/pepr-cloud.fr\/files\/2024\/12\/1734021882253-1536x1152.jpg 1536w, https:\/\/pepr-cloud.fr\/files\/2024\/12\/1734021882253-150x113.jpg 150w\" sizes=\"auto, (max-width: 2048px) 100vw, 2048px\" \/><\/figure>\n<\/figure>\n<\/div>\n<\/div>\n\n\n\n<div style=\"height:50px\" aria-hidden=\"true\" class=\"wp-block-spacer\"><\/div>\n\n\n\n<ul class=\"wp-block-list\"><li><strong><em>Alexandru Dobrilla<\/em><\/strong>, Responsable de recherche chez <strong>Hivenet <\/strong>et Olivier Beaumont, Directeur de Recherche \u00e0 <strong>Inria <\/strong>ont trait\u00e9 des d\u00e9fis techniques pour mobiliser les ressources inexploit\u00e9es des terminaux utilisateurs pour le stockage, le calcul et l\u2019IA.<\/li><li>Sylva : la solution (telco) cloud 100% open source a \u00e9t\u00e9 pr\u00e9sent\u00e9e par <strong><em>Nicolas Homo<\/em><\/strong>, Directeur Strat\u00e9gie chez <strong>Orange<\/strong>.<\/li><li><strong><em>Tsukasa Levy<\/em><\/strong>, Charg\u00e9 de projets collaboratifs chez <strong>Schneider Electric<\/strong>, a abord\u00e9 au travers du projet OTPaas la convergence de services IT et OT au niveau Edge.<\/li><li><strong><em>Lo\u00efc Martinez Varizat<\/em><\/strong>, Head of Data &amp; Managed Services et <strong><em>David Argellies<\/em><\/strong>, CTO Office (Scaleway) ont pr\u00e9sent\u00e9 l&rsquo;initiative Hyperscaleway visant en \u00e0 la mise en \u0153uvre d&rsquo;un cloud public pour l\u2019IA : puissant, \u00e9volutif, ind\u00e9pendant, comp\u00e9titif, durable et s\u00e9curis\u00e9.<\/li><li>Les enjeux li\u00e9s \u00e0 la r\u00e9utilisation de la chaleur fatale pour un Cloud Service Provider ont \u00e9t\u00e9 trait\u00e9s par <strong><em>R\u00e9mi Bouzel<\/em><\/strong>, Directeur Scientifique de Qarnot. Cette pr\u00e9sentation a mis en avant l\u2019approche d\u00e9fendu par la soci\u00e9t\u00e9, les d\u00e9fis qu\u2019elle soul\u00e8ve, et les diff\u00e9rentes actions mises en \u0153uvre dans le d\u00e9fi Inria Qarnot PULSE.<\/li><li><strong><em>Damien Dumestier<\/em><\/strong>, Architecte syst\u00e8me chez Thales Alenia Space a expos\u00e9 les principales retomb\u00e9es de l\u2019\u00e9tude europ\u00e9enne&nbsp;&nbsp;ASCEND (Advanced Space Cloud for European Net zero emission and Data sovereignty) qui pourrait aider \u00e0 la r\u00e9duction de la facture \u00e9nerg\u00e9tique du secteur du num\u00e9rique via le d\u00e9ploiement de centres de donn\u00e9es spatiales.<\/li><li><strong><em>Vivien Boucher<\/em><\/strong>, Responsable du p\u00f4le projets Exaion a soulev\u00e9 des questions autour du reconditionnement des infrastructures de calcul haute performance vers des plateformes de Cloud en utilisant les technologies OpenStack.<\/li><li>L\u2019entrepreneur fran\u00e7ais et co-CEO de Dawex, <strong><em>Laurent Lafaye<\/em><\/strong>, a pr\u00e9sent\u00e9 l&rsquo;int\u00e9r\u00eat des espaces de donn\u00e9es comme vecteur de comp\u00e9titivit\u00e9 pour les acteurs de l\u2019industrie \u00e0 travers des exemples concrets tels que Data4Industry-X.<\/li><\/ul>","protected":false},"excerpt":{"rendered":"<p>Le \ud835\uddd9\ud835\uddfc\ud835\uddff\ud835\ude02\ud835\uddfa \ud835\udde6\ud835\ude06\ud835\uddfb\ud835\uddf2\ud835\uddff\ud835\uddf4\ud835\uddf6\ud835\uddf2, qui s\u2019est d\u00e9roul\u00e9 le 4 d\u00e9cembre au Centre Inria de l\u2019universit\u00e9 de Grenoble Alpes, a \u00e9t\u00e9 l&rsquo;occasion d&rsquo;encourager les synergies entre les membres du PEPR et les acteurs des mondes acad\u00e9miques et industriel \u00e0 travers diverses pr\u00e9sentations inspirantes. \u00c0 cette occasion, nous avons pu assister \u00e0 plusieurs\u2026<\/p>\n<p> <a class=\"continue-reading-link\" href=\"https:\/\/pepr-cloud.fr\/fr\/retour-sur-les-rencontres-du-pepr-cloud-une-belle-synergie-entre-acteurs-des-mondes-academique-et-industriel\/\"><span>Continuer la lecture<\/span><i class=\"crycon-right-dir\"><\/i><\/a> <\/p>\n","protected":false},"author":2502,"featured_media":0,"comment_status":"closed","ping_status":"closed","sticky":false,"template":"","format":"standard","meta":{"footnotes":""},"categories":[18],"tags":[],"class_list":["post-3776","post","type-post","status-publish","format-standard","hentry","category-evenement"],"_links":{"self":[{"href":"https:\/\/pepr-cloud.fr\/fr\/wp-json\/wp\/v2\/posts\/3776","targetHints":{"allow":["GET"]}}],"collection":[{"href":"https:\/\/pepr-cloud.fr\/fr\/wp-json\/wp\/v2\/posts"}],"about":[{"href":"https:\/\/pepr-cloud.fr\/fr\/wp-json\/wp\/v2\/types\/post"}],"author":[{"embeddable":true,"href":"https:\/\/pepr-cloud.fr\/fr\/wp-json\/wp\/v2\/users\/2502"}],"replies":[{"embeddable":true,"href":"https:\/\/pepr-cloud.fr\/fr\/wp-json\/wp\/v2\/comments?post=3776"}],"version-history":[{"count":14,"href":"https:\/\/pepr-cloud.fr\/fr\/wp-json\/wp\/v2\/posts\/3776\/revisions"}],"predecessor-version":[{"id":3846,"href":"https:\/\/pepr-cloud.fr\/fr\/wp-json\/wp\/v2\/posts\/3776\/revisions\/3846"}],"wp:attachment":[{"href":"https:\/\/pepr-cloud.fr\/fr\/wp-json\/wp\/v2\/media?parent=3776"}],"wp:term":[{"taxonomy":"category","embeddable":true,"href":"https:\/\/pepr-cloud.fr\/fr\/wp-json\/wp\/v2\/categories?post=3776"},{"taxonomy":"post_tag","embeddable":true,"href":"https:\/\/pepr-cloud.fr\/fr\/wp-json\/wp\/v2\/tags?post=3776"}],"curies":[{"name":"wp","href":"https:\/\/api.w.org\/{rel}","templated":true}]}}