


{"id":6221,"date":"2026-03-11T11:06:05","date_gmt":"2026-03-11T10:06:05","guid":{"rendered":"https:\/\/pepr-cloud.fr\/fr\/?p=6221"},"modified":"2026-04-01T16:24:52","modified_gmt":"2026-04-01T14:24:52","slug":"retour-sur-les-trans-numeriques-2026","status":"publish","type":"post","link":"https:\/\/pepr-cloud.fr\/en\/francais-retour-sur-les-trans-numeriques-2026\/","title":{"rendered":"(Fran\u00e7ais) Retour sur les Trans Num\u00e9riques 2026"},"content":{"rendered":"<p class=\"qtranxs-available-languages-message qtranxs-available-languages-message-en\">Sorry, this entry is only available in <a href=\"https:\/\/pepr-cloud.fr\/fr\/wp-json\/wp\/v2\/posts\/6221\" class=\"qtranxs-available-language-link qtranxs-available-language-link-fr\" title=\"Fran\u00e7ais\">Fran\u00e7ais<\/a>.<\/p><div class=\"wp-block-cover animate__animated animate__fadeInDown\" style=\"min-height:500px;aspect-ratio:unset;\"><img loading=\"lazy\" decoding=\"async\" width=\"1024\" height=\"681\" class=\"wp-block-cover__image-background wp-image-6223 size-large\" alt=\"\" src=\"https:\/\/pepr-cloud.fr\/files\/2026\/03\/Transnumeriques-102-1024x681.jpg\" data-object-fit=\"cover\" srcset=\"https:\/\/pepr-cloud.fr\/files\/2026\/03\/Transnumeriques-102-1024x681.jpg 1024w, https:\/\/pepr-cloud.fr\/files\/2026\/03\/Transnumeriques-102-300x200.jpg 300w, https:\/\/pepr-cloud.fr\/files\/2026\/03\/Transnumeriques-102-768x511.jpg 768w, https:\/\/pepr-cloud.fr\/files\/2026\/03\/Transnumeriques-102-150x100.jpg 150w, https:\/\/pepr-cloud.fr\/files\/2026\/03\/Transnumeriques-102-1320x878.jpg 1320w, https:\/\/pepr-cloud.fr\/files\/2026\/03\/Transnumeriques-102.jpg 1500w\" sizes=\"auto, (max-width: 1024px) 100vw, 1024px\" \/><span aria-hidden=\"true\" class=\"wp-block-cover__background has-background-dim-0 has-background-dim\" style=\"background-color:#6359b7\"><\/span><div class=\"wp-block-cover__inner-container is-layout-flow wp-block-cover-is-layout-flow\">\n<p class=\"has-text-align-center has-large-font-size\"><\/p>\n<\/div><\/div>\n\n\n\n<h1 class=\"wp-block-heading has-text-color\" style=\"color:#223cb0\">Les Trans Num\u00e9riques 2026 : quand la recherche fran\u00e7aise trace la voie d\u2019un num\u00e9rique souverain<\/h1>\n\n\n\n<h2 class=\"wp-block-heading has-black-color has-text-color\"><strong><em>Du 2 au 5 f\u00e9vrier 2026, le Couvent des Jacobins \u00e0 Rennes a accueilli la premi\u00e8re \u00e9dition des Trans Num\u00e9riques, un \u00e9v\u00e9nement in\u00e9dit r\u00e9unissant 1 000 participants, 152 intervenants et 34 ateliers pour explorer les enjeux du continuum num\u00e9rique : performance, robustesse, s\u00e9curit\u00e9, frugalit\u00e9 et impact soci\u00e9tal. Port\u00e9 par Inria et plusieurs programmes de recherche France 2030, ce sommet a marqu\u00e9 une volont\u00e9 de f\u00e9d\u00e9rer acteurs acad\u00e9miques, industriels et institutionnels autour d\u2019une vision syst\u00e9mique et souveraine du num\u00e9riqu<\/em><\/strong>e.<\/h2>\n\n\n\n<hr class=\"wp-block-separator has-text-color has-cyan-bluish-gray-color has-css-opacity has-cyan-bluish-gray-background-color has-background aligncenter is-style-wide\"\/>\n\n\n\n<h2 class=\"wp-block-heading\"><strong>Un dialogue in\u00e9dit pour un num\u00e9rique responsable<\/strong><\/h2>\n\n\n\n<div style=\"height:20px\" aria-hidden=\"true\" class=\"wp-block-spacer\"><\/div>\n\n\n\n<p>Les <em>Trans Num\u00e9riques<\/em> ont permis de croiser les regards entre disciplines scientifiques, acteurs \u00e9conomiques et d\u00e9cideurs publics. Parmi les intervenants de marque : Anne Le H\u00e9nanff (ministre d\u00e9l\u00e9gu\u00e9e \u00e0 l\u2019IA et au Num\u00e9rique), Bruno Bonnell (SGPI), Bruno Sportisse (PDG d\u2019Inria), ou encore Thibaut Kleiner (DG Connect, UE). Leur pr\u00e9sence a soulign\u00e9 l\u2019ambition de l\u2019\u00e9v\u00e9nement : <strong>construire une souverainet\u00e9 num\u00e9rique fran\u00e7aise<\/strong>, \u00e0 l\u2019heure o\u00f9 la d\u00e9pendance technologique europ\u00e9enne devient un enjeu de puissance et de vuln\u00e9rabilit\u00e9.<\/p>\n\n\n\n<p>Le concept de <em>continuum num\u00e9rique<\/em> \u2013 cette cha\u00eene ininterrompue reliant donn\u00e9es, r\u00e9seaux, infrastructures et services \u2013 a structur\u00e9 les \u00e9changes. L\u2019objectif ? <strong>Penser performance et s\u00e9curit\u00e9 de mani\u00e8re int\u00e9gr\u00e9e<\/strong>, sans sacrifier la frugalit\u00e9 ou l\u2019impact soci\u00e9tal. Un d\u00e9fi de taille, alors que les infrastructures num\u00e9riques actuelles consomment toujours plus de ressources.<\/p>\n\n\n\n<h2 class=\"wp-block-heading\"><strong>14 programmes de recherche, une ambition commune<\/strong><\/h2>\n\n\n\n<div style=\"height:20px\" aria-hidden=\"true\" class=\"wp-block-spacer\"><\/div>\n\n\n\n<p>Initi\u00e9 par le PEPR Cloud et port\u00e9 par Inria, l\u2019\u00e9v\u00e9nement a f\u00e9d\u00e9r\u00e9 14 programmes France 2030, couvrant des domaines aussi vari\u00e9s que la sant\u00e9, l\u2019agro\u00e9cologie, la cybers\u00e9curit\u00e9 ou l\u2019IA. Cette diversit\u00e9 refl\u00e8te une r\u00e9alit\u00e9 : <strong>la souverainet\u00e9 num\u00e9rique ne se d\u00e9cr\u00e8te pas, elle se construit<\/strong> par la coordination entre recherche, industrie et r\u00e9gulation.<\/p>\n\n\n\n<p>Les ateliers et keynotes ont mis en lumi\u00e8re des tensions fondamentales : comment concilier innovation rapide et contr\u00f4le des risques ? Comment garantir la frugalit\u00e9 dans un \u00e9cosyst\u00e8me gourmand en donn\u00e9es et en \u00e9nergie ? Autant de questions qui ont anim\u00e9 les d\u00e9bats, avec la participation d\u2019acteurs cl\u00e9s comme l\u2019ANSSI, l\u2019ADEME ou l\u2019ARCEP.<\/p>\n\n\n\n<h2 class=\"wp-block-heading\"><strong>Rennes, vitrine d\u2019une dynamique nationale<\/strong><\/h2>\n\n\n\n<div style=\"height:20px\" aria-hidden=\"true\" class=\"wp-block-spacer\"><\/div>\n\n\n\n<p>Le choix de Rennes n\u2019est pas anodin. La ville, avec son \u00e9cosyst\u00e8me de recherche (Inria, campus de Beaulieu) et ses start-up, incarne la volont\u00e9 de <strong>lier \u00c9tat, science et innovation<\/strong>. La visite minist\u00e9rielle du 2 f\u00e9vrier, combinant discours au Couvent des Jacobins et immersion sur le terrain, a symbolis\u00e9 cette ambition : <strong>transformer les avanc\u00e9es scientifiques en leviers concrets de souverainet\u00e9<\/strong>.<\/p>\n\n\n\n<h2 class=\"wp-block-heading\"><strong>Revivez l\u2019\u00e9nergie des Trans Num\u00e9riques<\/strong><\/h2>\n\n\n\n<div style=\"height:20px\" aria-hidden=\"true\" class=\"wp-block-spacer\"><\/div>\n\n\n\n<p>Pour prolonger l\u2019exp\u00e9rience, un <em>aftermovie<\/em> capture l\u2019effervescence de ces quatre jours. \u00c0 travers images et t\u00e9moignages, il restitue l\u2019esprit collaboratif qui a pr\u00e9sid\u00e9 \u00e0 l\u2019\u00e9v\u00e9nement : <strong>un num\u00e9rique \u00e0 la fois performant, s\u00fbr et responsable<\/strong>.<\/p>\n\n\n\n<figure class=\"wp-block-embed is-type-video is-provider-youtube wp-block-embed-youtube wp-embed-aspect-16-9 wp-has-aspect-ratio\"><div class=\"wp-block-embed__wrapper\">\n<iframe loading=\"lazy\" title=\"Aftermovie Trans Nume\u0301riques\" width=\"1060\" height=\"596\" src=\"https:\/\/www.youtube.com\/embed\/BQnBxCDd2Vg?feature=oembed\" frameborder=\"0\" allow=\"accelerometer; autoplay; clipboard-write; encrypted-media; gyroscope; picture-in-picture; web-share\" referrerpolicy=\"strict-origin-when-cross-origin\" allowfullscreen><\/iframe>\n<\/div><\/figure>\n\n\n\n<p><em>Les Trans Num\u00e9riques 2026 ont pos\u00e9 les bases d\u2019une approche syst\u00e9mique du num\u00e9rique. Leur succ\u00e8s se mesurera \u00e0 leur capacit\u00e9 \u00e0 traduire cette dynamique en actions : standards partag\u00e9s, industrialisation des innovations, et formation des talents. Un pari ambitieux, mais n\u00e9cessaire pour une souverainet\u00e9 num\u00e9rique qui ne soit pas qu\u2019un mot.<\/em><\/p>\n\n\n\n<p><\/p>","protected":false},"excerpt":{"rendered":"<p>Sorry, this entry is only available in Fran\u00e7ais. Les Trans Num\u00e9riques 2026 : quand la recherche fran\u00e7aise trace la voie d\u2019un num\u00e9rique souverain Du 2 au 5 f\u00e9vrier 2026, le Couvent des Jacobins \u00e0 Rennes a accueilli la premi\u00e8re \u00e9dition des Trans Num\u00e9riques, un \u00e9v\u00e9nement in\u00e9dit r\u00e9unissant 1 000 participants,\u2026<\/p>\n<p> <a class=\"continue-reading-link\" href=\"https:\/\/pepr-cloud.fr\/en\/francais-retour-sur-les-trans-numeriques-2026\/\"><span>Continuer la lecture<\/span><i class=\"crycon-right-dir\"><\/i><\/a> <\/p>\n","protected":false},"author":2502,"featured_media":0,"comment_status":"closed","ping_status":"closed","sticky":false,"template":"","format":"standard","meta":{"footnotes":""},"categories":[17,18],"tags":[],"class_list":["post-6221","post","type-post","status-publish","format-standard","hentry","category-interview","category-evenement"],"_links":{"self":[{"href":"https:\/\/pepr-cloud.fr\/en\/wp-json\/wp\/v2\/posts\/6221","targetHints":{"allow":["GET"]}}],"collection":[{"href":"https:\/\/pepr-cloud.fr\/en\/wp-json\/wp\/v2\/posts"}],"about":[{"href":"https:\/\/pepr-cloud.fr\/en\/wp-json\/wp\/v2\/types\/post"}],"author":[{"embeddable":true,"href":"https:\/\/pepr-cloud.fr\/en\/wp-json\/wp\/v2\/users\/2502"}],"replies":[{"embeddable":true,"href":"https:\/\/pepr-cloud.fr\/en\/wp-json\/wp\/v2\/comments?post=6221"}],"version-history":[{"count":11,"href":"https:\/\/pepr-cloud.fr\/en\/wp-json\/wp\/v2\/posts\/6221\/revisions"}],"predecessor-version":[{"id":6363,"href":"https:\/\/pepr-cloud.fr\/en\/wp-json\/wp\/v2\/posts\/6221\/revisions\/6363"}],"wp:attachment":[{"href":"https:\/\/pepr-cloud.fr\/en\/wp-json\/wp\/v2\/media?parent=6221"}],"wp:term":[{"taxonomy":"category","embeddable":true,"href":"https:\/\/pepr-cloud.fr\/en\/wp-json\/wp\/v2\/categories?post=6221"},{"taxonomy":"post_tag","embeddable":true,"href":"https:\/\/pepr-cloud.fr\/en\/wp-json\/wp\/v2\/tags?post=6221"}],"curies":[{"name":"wp","href":"https:\/\/api.w.org\/{rel}","templated":true}]}}